{"id":7644,"date":"2022-06-08T12:25:13","date_gmt":"2022-06-08T10:25:13","guid":{"rendered":"https:\/\/www.philodefi.fr\/?p=7644"},"modified":"2022-06-14T18:08:51","modified_gmt":"2022-06-14T16:08:51","slug":"seance-de-revision-bac-philo-2022","status":"publish","type":"post","link":"https:\/\/www.philodefi.fr\/index.php\/2022\/06\/08\/seance-de-revision-bac-philo-2022\/","title":{"rendered":"S\u00e9ance de r\u00e9vision collective en video conf\u00e9rence (13 juin 2022) !"},"content":{"rendered":"<p>Le 15 juin, c\u2019est l\u2019\u00e9preuve de philosophie du baccalaur\u00e9at 2022\u00a0!<\/p>\n<p><strong>SOS \u00c9ducation organise une s\u00e9ance de r\u00e9vision collective anim\u00e9e par St\u00e9phane Marcireau, le lundi 13 juin \u00e0 20h30 (en ligne sur Zoom)<\/strong>, pour aider les \u00e9l\u00e8ves de Terminale \u00e0 se pr\u00e9parer au mieux \u00e0 cette \u00e9preuve.<\/p>\n<p>Le nombre de places est limit\u00e9: vous pouvez vous inscrire sur le lien suivant !<\/p>\n<p><a href=\"https:\/\/r.m.soseducation.org\/mk\/cl\/f\/skx-LXeSXYWgl-HodLitH4SVi1uA3qa5gHQ3r2t6k0v-gEMjfWO1x77Ih9OShsnT84Y_ulD9OOe6B66E810LrUOT5qD0ACI_0Z4ruPVQXe9JHPutijOinxerBSvXLmOmtQwvZEF7Xm-WDM1yBNriqJd8cGvttOKRFM10xc5mrRYOOjzAgzVLzBA3JitAoyoFT6EWMHo1Nz7OfetO\" target=\"_blank\" rel=\"noopener\">Inscription \u00e0 la s\u00e9ance de r\u00e9vision<\/a><\/p>\n<p>Ajout du 14 juin 2022: Retrouvez la s\u00e9ance de r\u00e9vision en vid\u00e9o sur la chaine Youtube SOS Education !<\/p>\n<p><iframe loading=\"lazy\" title=\"R\u00e9visez le BAC Philo avec Philod\u00e9fi\" width=\"750\" height=\"422\" src=\"https:\/\/www.youtube.com\/embed\/HzBn-niGapg?feature=oembed\" frameborder=\"0\" allow=\"accelerometer; autoplay; clipboard-write; encrypted-media; gyroscope; picture-in-picture; web-share\" referrerpolicy=\"strict-origin-when-cross-origin\" allowfullscreen><\/iframe><\/p>\n","protected":false},"excerpt":{"rendered":"<p>Le 15 juin, c\u2019est l\u2019\u00e9preuve de philosophie du baccalaur\u00e9at 2022\u00a0! SOS \u00c9ducation organise une s\u00e9ance de r\u00e9vision collective anim\u00e9e par St\u00e9phane Marcireau, le lundi 13 juin \u00e0 20h30 (en ligne sur Zoom), pour aider les \u00e9l\u00e8ves de Terminale \u00e0 se pr\u00e9parer au mieux \u00e0 cette \u00e9preuve. Le nombre de places [&hellip;]<\/p>\n","protected":false},"author":2,"featured_media":3852,"comment_status":"closed","ping_status":"open","sticky":false,"template":"","format":"standard","meta":{"jetpack_post_was_ever_published":false,"_jetpack_newsletter_access":"","_jetpack_dont_email_post_to_subs":false,"_jetpack_newsletter_tier_id":0,"_jetpack_memberships_contains_paywalled_content":false,"_jetpack_memberships_contains_paid_content":false,"footnotes":"","jetpack_publicize_message":"","jetpack_publicize_feature_enabled":true,"jetpack_social_post_already_shared":true,"jetpack_social_options":{"image_generator_settings":{"template":"highway","enabled":false},"version":2}},"categories":[6],"tags":[],"class_list":["post-7644","post","type-post","status-publish","format-standard","has-post-thumbnail","hentry","category-evenements"],"jetpack_publicize_connections":[],"yoast_head":"<!-- This site is optimized with the Yoast SEO plugin v24.0 - https:\/\/yoast.com\/wordpress\/plugins\/seo\/ -->\n<title>S\u00e9ance de r\u00e9vision collective en video conf\u00e9rence (13 juin 2022) ! - Philod\u00e9fi<\/title>\n<meta name=\"robots\" content=\"index, follow, max-snippet:-1, max-image-preview:large, max-video-preview:-1\" \/>\n<link rel=\"canonical\" href=\"https:\/\/www.philodefi.fr\/index.php\/2022\/06\/08\/seance-de-revision-bac-philo-2022\/\" \/>\n<meta property=\"og:locale\" content=\"fr_FR\" \/>\n<meta property=\"og:type\" content=\"article\" \/>\n<meta property=\"og:title\" content=\"S\u00e9ance de r\u00e9vision collective en video conf\u00e9rence (13 juin 2022) ! - Philod\u00e9fi\" \/>\n<meta property=\"og:description\" content=\"Le 15 juin, c\u2019est l\u2019\u00e9preuve de philosophie du baccalaur\u00e9at 2022\u00a0! SOS \u00c9ducation organise une s\u00e9ance de r\u00e9vision collective anim\u00e9e par St\u00e9phane Marcireau, le lundi 13 juin \u00e0 20h30 (en ligne sur Zoom), pour aider les \u00e9l\u00e8ves de Terminale \u00e0 se pr\u00e9parer au mieux \u00e0 cette \u00e9preuve. Le nombre de places [&hellip;]\" \/>\n<meta property=\"og:url\" content=\"https:\/\/www.philodefi.fr\/index.php\/2022\/06\/08\/seance-de-revision-bac-philo-2022\/\" \/>\n<meta property=\"og:site_name\" content=\"Philod\u00e9fi\" \/>\n<meta property=\"article:publisher\" content=\"https:\/\/fr-fr.facebook.com\/Philodefi\/\" \/>\n<meta property=\"article:published_time\" content=\"2022-06-08T10:25:13+00:00\" \/>\n<meta property=\"article:modified_time\" content=\"2022-06-14T16:08:51+00:00\" \/>\n<meta property=\"og:image\" content=\"https:\/\/www.philodefi.fr\/wp-content\/uploads\/2020\/01\/20200115_cobalt.jpg\" \/>\n\t<meta property=\"og:image:width\" content=\"800\" \/>\n\t<meta property=\"og:image:height\" content=\"450\" \/>\n\t<meta property=\"og:image:type\" content=\"image\/jpeg\" \/>\n<meta name=\"author\" content=\"St\u00e9phane Marcireau\" \/>\n<meta name=\"twitter:card\" content=\"summary_large_image\" \/>\n<meta name=\"twitter:label1\" content=\"\u00c9crit par\" \/>\n\t<meta name=\"twitter:data1\" content=\"St\u00e9phane Marcireau\" \/>\n<script type=\"application\/ld+json\" class=\"yoast-schema-graph\">{\"@context\":\"https:\/\/schema.org\",\"@graph\":[{\"@type\":\"Article\",\"@id\":\"https:\/\/www.philodefi.fr\/index.php\/2022\/06\/08\/seance-de-revision-bac-philo-2022\/#article\",\"isPartOf\":{\"@id\":\"https:\/\/www.philodefi.fr\/index.php\/2022\/06\/08\/seance-de-revision-bac-philo-2022\/\"},\"author\":{\"name\":\"St\u00e9phane Marcireau\",\"@id\":\"https:\/\/www.philodefi.fr\/#\/schema\/person\/a5660db38cf3f8ceaf475ea1e749624e\"},\"headline\":\"S\u00e9ance de r\u00e9vision collective en video conf\u00e9rence (13 juin 2022) !\",\"datePublished\":\"2022-06-08T10:25:13+00:00\",\"dateModified\":\"2022-06-14T16:08:51+00:00\",\"mainEntityOfPage\":{\"@id\":\"https:\/\/www.philodefi.fr\/index.php\/2022\/06\/08\/seance-de-revision-bac-philo-2022\/\"},\"wordCount\":107,\"publisher\":{\"@id\":\"https:\/\/www.philodefi.fr\/#organization\"},\"image\":{\"@id\":\"https:\/\/www.philodefi.fr\/index.php\/2022\/06\/08\/seance-de-revision-bac-philo-2022\/#primaryimage\"},\"thumbnailUrl\":\"https:\/\/www.philodefi.fr\/wp-content\/uploads\/2020\/01\/20200115_cobalt.jpg\",\"articleSection\":[\"Ev\u00e9nements\"],\"inLanguage\":\"fr-FR\"},{\"@type\":\"WebPage\",\"@id\":\"https:\/\/www.philodefi.fr\/index.php\/2022\/06\/08\/seance-de-revision-bac-philo-2022\/\",\"url\":\"https:\/\/www.philodefi.fr\/index.php\/2022\/06\/08\/seance-de-revision-bac-philo-2022\/\",\"name\":\"S\u00e9ance de r\u00e9vision collective en video conf\u00e9rence (13 juin 2022) ! - Philod\u00e9fi\",\"isPartOf\":{\"@id\":\"https:\/\/www.philodefi.fr\/#website\"},\"primaryImageOfPage\":{\"@id\":\"https:\/\/www.philodefi.fr\/index.php\/2022\/06\/08\/seance-de-revision-bac-philo-2022\/#primaryimage\"},\"image\":{\"@id\":\"https:\/\/www.philodefi.fr\/index.php\/2022\/06\/08\/seance-de-revision-bac-philo-2022\/#primaryimage\"},\"thumbnailUrl\":\"https:\/\/www.philodefi.fr\/wp-content\/uploads\/2020\/01\/20200115_cobalt.jpg\",\"datePublished\":\"2022-06-08T10:25:13+00:00\",\"dateModified\":\"2022-06-14T16:08:51+00:00\",\"breadcrumb\":{\"@id\":\"https:\/\/www.philodefi.fr\/index.php\/2022\/06\/08\/seance-de-revision-bac-philo-2022\/#breadcrumb\"},\"inLanguage\":\"fr-FR\",\"potentialAction\":[{\"@type\":\"ReadAction\",\"target\":[\"https:\/\/www.philodefi.fr\/index.php\/2022\/06\/08\/seance-de-revision-bac-philo-2022\/\"]}]},{\"@type\":\"ImageObject\",\"inLanguage\":\"fr-FR\",\"@id\":\"https:\/\/www.philodefi.fr\/index.php\/2022\/06\/08\/seance-de-revision-bac-philo-2022\/#primaryimage\",\"url\":\"https:\/\/www.philodefi.fr\/wp-content\/uploads\/2020\/01\/20200115_cobalt.jpg\",\"contentUrl\":\"https:\/\/www.philodefi.fr\/wp-content\/uploads\/2020\/01\/20200115_cobalt.jpg\",\"width\":800,\"height\":450},{\"@type\":\"BreadcrumbList\",\"@id\":\"https:\/\/www.philodefi.fr\/index.php\/2022\/06\/08\/seance-de-revision-bac-philo-2022\/#breadcrumb\",\"itemListElement\":[{\"@type\":\"ListItem\",\"position\":1,\"name\":\"Accueil\",\"item\":\"https:\/\/www.philodefi.fr\/\"},{\"@type\":\"ListItem\",\"position\":2,\"name\":\"S\u00e9ance de r\u00e9vision collective en video conf\u00e9rence (13 juin 2022) !\"}]},{\"@type\":\"WebSite\",\"@id\":\"https:\/\/www.philodefi.fr\/#website\",\"url\":\"https:\/\/www.philodefi.fr\/\",\"name\":\"Philod\u00e9fi\",\"description\":\"Le jeu pour apprendre la philosophie autrement\",\"publisher\":{\"@id\":\"https:\/\/www.philodefi.fr\/#organization\"},\"potentialAction\":[{\"@type\":\"SearchAction\",\"target\":{\"@type\":\"EntryPoint\",\"urlTemplate\":\"https:\/\/www.philodefi.fr\/?s={search_term_string}\"},\"query-input\":{\"@type\":\"PropertyValueSpecification\",\"valueRequired\":true,\"valueName\":\"search_term_string\"}}],\"inLanguage\":\"fr-FR\"},{\"@type\":\"Organization\",\"@id\":\"https:\/\/www.philodefi.fr\/#organization\",\"name\":\"Philod\u00e9fi\",\"url\":\"https:\/\/www.philodefi.fr\/\",\"logo\":{\"@type\":\"ImageObject\",\"inLanguage\":\"fr-FR\",\"@id\":\"https:\/\/www.philodefi.fr\/#\/schema\/logo\/image\/\",\"url\":\"https:\/\/www.philodefi.fr\/wp-content\/uploads\/2018\/10\/logo_philodefi-1.png\",\"contentUrl\":\"https:\/\/www.philodefi.fr\/wp-content\/uploads\/2018\/10\/logo_philodefi-1.png\",\"width\":678,\"height\":222,\"caption\":\"Philod\u00e9fi\"},\"image\":{\"@id\":\"https:\/\/www.philodefi.fr\/#\/schema\/logo\/image\/\"},\"sameAs\":[\"https:\/\/fr-fr.facebook.com\/Philodefi\/\",\"https:\/\/www.youtube.com\/channel\/UC_3N0HKscicsk2AIa0fP-tg\"]},{\"@type\":\"Person\",\"@id\":\"https:\/\/www.philodefi.fr\/#\/schema\/person\/a5660db38cf3f8ceaf475ea1e749624e\",\"name\":\"St\u00e9phane Marcireau\",\"image\":{\"@type\":\"ImageObject\",\"inLanguage\":\"fr-FR\",\"@id\":\"https:\/\/www.philodefi.fr\/#\/schema\/person\/image\/\",\"url\":\"https:\/\/secure.gravatar.com\/avatar\/1c12a5187a5aeb9cf66510c3956ca67e?s=96&d=mm&r=g\",\"contentUrl\":\"https:\/\/secure.gravatar.com\/avatar\/1c12a5187a5aeb9cf66510c3956ca67e?s=96&d=mm&r=g\",\"caption\":\"St\u00e9phane Marcireau\"},\"sameAs\":[\"https:\/\/www.philodefi.fr\"],\"url\":\"https:\/\/www.philodefi.fr\/index.php\/author\/stephane\/\"}]}<\/script>\n<!-- \/ Yoast SEO plugin. -->","yoast_head_json":{"title":"S\u00e9ance de r\u00e9vision collective en video conf\u00e9rence (13 juin 2022) ! - Philod\u00e9fi","robots":{"index":"index","follow":"follow","max-snippet":"max-snippet:-1","max-image-preview":"max-image-preview:large","max-video-preview":"max-video-preview:-1"},"canonical":"https:\/\/www.philodefi.fr\/index.php\/2022\/06\/08\/seance-de-revision-bac-philo-2022\/","og_locale":"fr_FR","og_type":"article","og_title":"S\u00e9ance de r\u00e9vision collective en video conf\u00e9rence (13 juin 2022) ! - Philod\u00e9fi","og_description":"Le 15 juin, c\u2019est l\u2019\u00e9preuve de philosophie du baccalaur\u00e9at 2022\u00a0! SOS \u00c9ducation organise une s\u00e9ance de r\u00e9vision collective anim\u00e9e par St\u00e9phane Marcireau, le lundi 13 juin \u00e0 20h30 (en ligne sur Zoom), pour aider les \u00e9l\u00e8ves de Terminale \u00e0 se pr\u00e9parer au mieux \u00e0 cette \u00e9preuve. Le nombre de places [&hellip;]","og_url":"https:\/\/www.philodefi.fr\/index.php\/2022\/06\/08\/seance-de-revision-bac-philo-2022\/","og_site_name":"Philod\u00e9fi","article_publisher":"https:\/\/fr-fr.facebook.com\/Philodefi\/","article_published_time":"2022-06-08T10:25:13+00:00","article_modified_time":"2022-06-14T16:08:51+00:00","og_image":[{"width":800,"height":450,"url":"https:\/\/www.philodefi.fr\/wp-content\/uploads\/2020\/01\/20200115_cobalt.jpg","type":"image\/jpeg"}],"author":"St\u00e9phane Marcireau","twitter_card":"summary_large_image","twitter_misc":{"\u00c9crit par":"St\u00e9phane Marcireau"},"schema":{"@context":"https:\/\/schema.org","@graph":[{"@type":"Article","@id":"https:\/\/www.philodefi.fr\/index.php\/2022\/06\/08\/seance-de-revision-bac-philo-2022\/#article","isPartOf":{"@id":"https:\/\/www.philodefi.fr\/index.php\/2022\/06\/08\/seance-de-revision-bac-philo-2022\/"},"author":{"name":"St\u00e9phane Marcireau","@id":"https:\/\/www.philodefi.fr\/#\/schema\/person\/a5660db38cf3f8ceaf475ea1e749624e"},"headline":"S\u00e9ance de r\u00e9vision collective en video conf\u00e9rence (13 juin 2022) !","datePublished":"2022-06-08T10:25:13+00:00","dateModified":"2022-06-14T16:08:51+00:00","mainEntityOfPage":{"@id":"https:\/\/www.philodefi.fr\/index.php\/2022\/06\/08\/seance-de-revision-bac-philo-2022\/"},"wordCount":107,"publisher":{"@id":"https:\/\/www.philodefi.fr\/#organization"},"image":{"@id":"https:\/\/www.philodefi.fr\/index.php\/2022\/06\/08\/seance-de-revision-bac-philo-2022\/#primaryimage"},"thumbnailUrl":"https:\/\/www.philodefi.fr\/wp-content\/uploads\/2020\/01\/20200115_cobalt.jpg","articleSection":["Ev\u00e9nements"],"inLanguage":"fr-FR"},{"@type":"WebPage","@id":"https:\/\/www.philodefi.fr\/index.php\/2022\/06\/08\/seance-de-revision-bac-philo-2022\/","url":"https:\/\/www.philodefi.fr\/index.php\/2022\/06\/08\/seance-de-revision-bac-philo-2022\/","name":"S\u00e9ance de r\u00e9vision collective en video conf\u00e9rence (13 juin 2022) ! - Philod\u00e9fi","isPartOf":{"@id":"https:\/\/www.philodefi.fr\/#website"},"primaryImageOfPage":{"@id":"https:\/\/www.philodefi.fr\/index.php\/2022\/06\/08\/seance-de-revision-bac-philo-2022\/#primaryimage"},"image":{"@id":"https:\/\/www.philodefi.fr\/index.php\/2022\/06\/08\/seance-de-revision-bac-philo-2022\/#primaryimage"},"thumbnailUrl":"https:\/\/www.philodefi.fr\/wp-content\/uploads\/2020\/01\/20200115_cobalt.jpg","datePublished":"2022-06-08T10:25:13+00:00","dateModified":"2022-06-14T16:08:51+00:00","breadcrumb":{"@id":"https:\/\/www.philodefi.fr\/index.php\/2022\/06\/08\/seance-de-revision-bac-philo-2022\/#breadcrumb"},"inLanguage":"fr-FR","potentialAction":[{"@type":"ReadAction","target":["https:\/\/www.philodefi.fr\/index.php\/2022\/06\/08\/seance-de-revision-bac-philo-2022\/"]}]},{"@type":"ImageObject","inLanguage":"fr-FR","@id":"https:\/\/www.philodefi.fr\/index.php\/2022\/06\/08\/seance-de-revision-bac-philo-2022\/#primaryimage","url":"https:\/\/www.philodefi.fr\/wp-content\/uploads\/2020\/01\/20200115_cobalt.jpg","contentUrl":"https:\/\/www.philodefi.fr\/wp-content\/uploads\/2020\/01\/20200115_cobalt.jpg","width":800,"height":450},{"@type":"BreadcrumbList","@id":"https:\/\/www.philodefi.fr\/index.php\/2022\/06\/08\/seance-de-revision-bac-philo-2022\/#breadcrumb","itemListElement":[{"@type":"ListItem","position":1,"name":"Accueil","item":"https:\/\/www.philodefi.fr\/"},{"@type":"ListItem","position":2,"name":"S\u00e9ance de r\u00e9vision collective en video conf\u00e9rence (13 juin 2022) !"}]},{"@type":"WebSite","@id":"https:\/\/www.philodefi.fr\/#website","url":"https:\/\/www.philodefi.fr\/","name":"Philod\u00e9fi","description":"Le jeu pour apprendre la philosophie autrement","publisher":{"@id":"https:\/\/www.philodefi.fr\/#organization"},"potentialAction":[{"@type":"SearchAction","target":{"@type":"EntryPoint","urlTemplate":"https:\/\/www.philodefi.fr\/?s={search_term_string}"},"query-input":{"@type":"PropertyValueSpecification","valueRequired":true,"valueName":"search_term_string"}}],"inLanguage":"fr-FR"},{"@type":"Organization","@id":"https:\/\/www.philodefi.fr\/#organization","name":"Philod\u00e9fi","url":"https:\/\/www.philodefi.fr\/","logo":{"@type":"ImageObject","inLanguage":"fr-FR","@id":"https:\/\/www.philodefi.fr\/#\/schema\/logo\/image\/","url":"https:\/\/www.philodefi.fr\/wp-content\/uploads\/2018\/10\/logo_philodefi-1.png","contentUrl":"https:\/\/www.philodefi.fr\/wp-content\/uploads\/2018\/10\/logo_philodefi-1.png","width":678,"height":222,"caption":"Philod\u00e9fi"},"image":{"@id":"https:\/\/www.philodefi.fr\/#\/schema\/logo\/image\/"},"sameAs":["https:\/\/fr-fr.facebook.com\/Philodefi\/","https:\/\/www.youtube.com\/channel\/UC_3N0HKscicsk2AIa0fP-tg"]},{"@type":"Person","@id":"https:\/\/www.philodefi.fr\/#\/schema\/person\/a5660db38cf3f8ceaf475ea1e749624e","name":"St\u00e9phane Marcireau","image":{"@type":"ImageObject","inLanguage":"fr-FR","@id":"https:\/\/www.philodefi.fr\/#\/schema\/person\/image\/","url":"https:\/\/secure.gravatar.com\/avatar\/1c12a5187a5aeb9cf66510c3956ca67e?s=96&d=mm&r=g","contentUrl":"https:\/\/secure.gravatar.com\/avatar\/1c12a5187a5aeb9cf66510c3956ca67e?s=96&d=mm&r=g","caption":"St\u00e9phane Marcireau"},"sameAs":["https:\/\/www.philodefi.fr"],"url":"https:\/\/www.philodefi.fr\/index.php\/author\/stephane\/"}]}},"jetpack_featured_media_url":"https:\/\/www.philodefi.fr\/wp-content\/uploads\/2020\/01\/20200115_cobalt.jpg","jetpack_sharing_enabled":true,"jetpack_shortlink":"https:\/\/wp.me\/pavdZ1-1Zi","_links":{"self":[{"href":"https:\/\/www.philodefi.fr\/index.php\/wp-json\/wp\/v2\/posts\/7644","targetHints":{"allow":["GET"]}}],"collection":[{"href":"https:\/\/www.philodefi.fr\/index.php\/wp-json\/wp\/v2\/posts"}],"about":[{"href":"https:\/\/www.philodefi.fr\/index.php\/wp-json\/wp\/v2\/types\/post"}],"author":[{"embeddable":true,"href":"https:\/\/www.philodefi.fr\/index.php\/wp-json\/wp\/v2\/users\/2"}],"replies":[{"embeddable":true,"href":"https:\/\/www.philodefi.fr\/index.php\/wp-json\/wp\/v2\/comments?post=7644"}],"version-history":[{"count":0,"href":"https:\/\/www.philodefi.fr\/index.php\/wp-json\/wp\/v2\/posts\/7644\/revisions"}],"wp:featuredmedia":[{"embeddable":true,"href":"https:\/\/www.philodefi.fr\/index.php\/wp-json\/wp\/v2\/media\/3852"}],"wp:attachment":[{"href":"https:\/\/www.philodefi.fr\/index.php\/wp-json\/wp\/v2\/media?parent=7644"}],"wp:term":[{"taxonomy":"category","embeddable":true,"href":"https:\/\/www.philodefi.fr\/index.php\/wp-json\/wp\/v2\/categories?post=7644"},{"taxonomy":"post_tag","embeddable":true,"href":"https:\/\/www.philodefi.fr\/index.php\/wp-json\/wp\/v2\/tags?post=7644"}],"curies":[{"name":"wp","href":"https:\/\/api.w.org\/{rel}","templated":true}]}}