{"id":7060,"date":"2022-03-24T12:10:37","date_gmt":"2022-03-24T11:10:37","guid":{"rendered":"https:\/\/www.philodefi.fr\/?p=7060"},"modified":"2022-06-14T18:08:17","modified_gmt":"2022-06-14T16:08:17","slug":"philodefi-sur-france3-tv","status":"publish","type":"post","link":"https:\/\/www.philodefi.fr\/index.php\/2022\/03\/24\/philodefi-sur-france3-tv\/","title":{"rendered":"Philod\u00e9fi sur France3 TV"},"content":{"rendered":"<p>Merci \u00e0 toute l&rsquo;\u00e9quipe France3 pour cette interview dans l&rsquo;\u00e9dition du vendredi 18 mars sur le th\u00e8me du BAC philo !<\/p>\n<p><iframe loading=\"lazy\" title=\"Philod\u00e9fi - reportage France 3\" width=\"750\" height=\"422\" src=\"https:\/\/www.youtube.com\/embed\/f_leVK_HrBQ?feature=oembed\" frameborder=\"0\" allow=\"accelerometer; autoplay; clipboard-write; encrypted-media; gyroscope; picture-in-picture; web-share\" referrerpolicy=\"strict-origin-when-cross-origin\" allowfullscreen><\/iframe><\/p>\n<p>&nbsp;<\/p>\n","protected":false},"excerpt":{"rendered":"<p>Merci \u00e0 toute l&rsquo;\u00e9quipe France3 pour cette interview dans l&rsquo;\u00e9dition du vendredi 18 mars sur le th\u00e8me du BAC philo ! &nbsp;<\/p>\n","protected":false},"author":2,"featured_media":7062,"comment_status":"closed","ping_status":"open","sticky":false,"template":"","format":"standard","meta":{"jetpack_post_was_ever_published":false,"_jetpack_newsletter_access":"","_jetpack_dont_email_post_to_subs":false,"_jetpack_newsletter_tier_id":0,"_jetpack_memberships_contains_paywalled_content":false,"_jetpack_memberships_contains_paid_content":false,"footnotes":"","jetpack_publicize_message":"","jetpack_publicize_feature_enabled":true,"jetpack_social_post_already_shared":true,"jetpack_social_options":{"image_generator_settings":{"template":"highway","enabled":false},"version":2}},"categories":[6],"tags":[],"class_list":["post-7060","post","type-post","status-publish","format-standard","has-post-thumbnail","hentry","category-evenements"],"jetpack_publicize_connections":[],"yoast_head":"<!-- This site is optimized with the Yoast SEO plugin v24.0 - https:\/\/yoast.com\/wordpress\/plugins\/seo\/ -->\n<title>Philod\u00e9fi sur France3 TV - Philod\u00e9fi<\/title>\n<meta name=\"robots\" content=\"index, follow, max-snippet:-1, max-image-preview:large, max-video-preview:-1\" \/>\n<link rel=\"canonical\" href=\"https:\/\/www.philodefi.fr\/index.php\/2022\/03\/24\/philodefi-sur-france3-tv\/\" \/>\n<meta property=\"og:locale\" content=\"fr_FR\" \/>\n<meta property=\"og:type\" content=\"article\" \/>\n<meta property=\"og:title\" content=\"Philod\u00e9fi sur France3 TV - Philod\u00e9fi\" \/>\n<meta property=\"og:description\" content=\"Merci \u00e0 toute l&rsquo;\u00e9quipe France3 pour cette interview dans l&rsquo;\u00e9dition du vendredi 18 mars sur le th\u00e8me du BAC philo ! &nbsp;\" \/>\n<meta property=\"og:url\" content=\"https:\/\/www.philodefi.fr\/index.php\/2022\/03\/24\/philodefi-sur-france3-tv\/\" \/>\n<meta property=\"og:site_name\" content=\"Philod\u00e9fi\" \/>\n<meta property=\"article:publisher\" content=\"https:\/\/fr-fr.facebook.com\/Philodefi\/\" \/>\n<meta property=\"article:published_time\" content=\"2022-03-24T11:10:37+00:00\" \/>\n<meta property=\"article:modified_time\" content=\"2022-06-14T16:08:17+00:00\" \/>\n<meta property=\"og:image\" content=\"https:\/\/www.philodefi.fr\/wp-content\/uploads\/2022\/03\/20220324_France3TV_philodefi.jpg\" \/>\n\t<meta property=\"og:image:width\" content=\"1280\" \/>\n\t<meta property=\"og:image:height\" content=\"720\" \/>\n\t<meta property=\"og:image:type\" content=\"image\/jpeg\" \/>\n<meta name=\"author\" content=\"St\u00e9phane Marcireau\" \/>\n<meta name=\"twitter:card\" content=\"summary_large_image\" \/>\n<meta name=\"twitter:label1\" content=\"\u00c9crit par\" \/>\n\t<meta name=\"twitter:data1\" content=\"St\u00e9phane Marcireau\" \/>\n\t<meta name=\"twitter:label2\" content=\"Dur\u00e9e de lecture estim\u00e9e\" \/>\n\t<meta name=\"twitter:data2\" content=\"1 minute\" \/>\n<script type=\"application\/ld+json\" class=\"yoast-schema-graph\">{\"@context\":\"https:\/\/schema.org\",\"@graph\":[{\"@type\":\"Article\",\"@id\":\"https:\/\/www.philodefi.fr\/index.php\/2022\/03\/24\/philodefi-sur-france3-tv\/#article\",\"isPartOf\":{\"@id\":\"https:\/\/www.philodefi.fr\/index.php\/2022\/03\/24\/philodefi-sur-france3-tv\/\"},\"author\":{\"name\":\"St\u00e9phane Marcireau\",\"@id\":\"https:\/\/www.philodefi.fr\/#\/schema\/person\/a5660db38cf3f8ceaf475ea1e749624e\"},\"headline\":\"Philod\u00e9fi sur France3 TV\",\"datePublished\":\"2022-03-24T11:10:37+00:00\",\"dateModified\":\"2022-06-14T16:08:17+00:00\",\"mainEntityOfPage\":{\"@id\":\"https:\/\/www.philodefi.fr\/index.php\/2022\/03\/24\/philodefi-sur-france3-tv\/\"},\"wordCount\":33,\"publisher\":{\"@id\":\"https:\/\/www.philodefi.fr\/#organization\"},\"image\":{\"@id\":\"https:\/\/www.philodefi.fr\/index.php\/2022\/03\/24\/philodefi-sur-france3-tv\/#primaryimage\"},\"thumbnailUrl\":\"https:\/\/www.philodefi.fr\/wp-content\/uploads\/2022\/03\/20220324_France3TV_philodefi.jpg\",\"articleSection\":[\"Ev\u00e9nements\"],\"inLanguage\":\"fr-FR\"},{\"@type\":\"WebPage\",\"@id\":\"https:\/\/www.philodefi.fr\/index.php\/2022\/03\/24\/philodefi-sur-france3-tv\/\",\"url\":\"https:\/\/www.philodefi.fr\/index.php\/2022\/03\/24\/philodefi-sur-france3-tv\/\",\"name\":\"Philod\u00e9fi sur France3 TV - Philod\u00e9fi\",\"isPartOf\":{\"@id\":\"https:\/\/www.philodefi.fr\/#website\"},\"primaryImageOfPage\":{\"@id\":\"https:\/\/www.philodefi.fr\/index.php\/2022\/03\/24\/philodefi-sur-france3-tv\/#primaryimage\"},\"image\":{\"@id\":\"https:\/\/www.philodefi.fr\/index.php\/2022\/03\/24\/philodefi-sur-france3-tv\/#primaryimage\"},\"thumbnailUrl\":\"https:\/\/www.philodefi.fr\/wp-content\/uploads\/2022\/03\/20220324_France3TV_philodefi.jpg\",\"datePublished\":\"2022-03-24T11:10:37+00:00\",\"dateModified\":\"2022-06-14T16:08:17+00:00\",\"breadcrumb\":{\"@id\":\"https:\/\/www.philodefi.fr\/index.php\/2022\/03\/24\/philodefi-sur-france3-tv\/#breadcrumb\"},\"inLanguage\":\"fr-FR\",\"potentialAction\":[{\"@type\":\"ReadAction\",\"target\":[\"https:\/\/www.philodefi.fr\/index.php\/2022\/03\/24\/philodefi-sur-france3-tv\/\"]}]},{\"@type\":\"ImageObject\",\"inLanguage\":\"fr-FR\",\"@id\":\"https:\/\/www.philodefi.fr\/index.php\/2022\/03\/24\/philodefi-sur-france3-tv\/#primaryimage\",\"url\":\"https:\/\/www.philodefi.fr\/wp-content\/uploads\/2022\/03\/20220324_France3TV_philodefi.jpg\",\"contentUrl\":\"https:\/\/www.philodefi.fr\/wp-content\/uploads\/2022\/03\/20220324_France3TV_philodefi.jpg\",\"width\":1280,\"height\":720},{\"@type\":\"BreadcrumbList\",\"@id\":\"https:\/\/www.philodefi.fr\/index.php\/2022\/03\/24\/philodefi-sur-france3-tv\/#breadcrumb\",\"itemListElement\":[{\"@type\":\"ListItem\",\"position\":1,\"name\":\"Accueil\",\"item\":\"https:\/\/www.philodefi.fr\/\"},{\"@type\":\"ListItem\",\"position\":2,\"name\":\"Philod\u00e9fi sur France3 TV\"}]},{\"@type\":\"WebSite\",\"@id\":\"https:\/\/www.philodefi.fr\/#website\",\"url\":\"https:\/\/www.philodefi.fr\/\",\"name\":\"Philod\u00e9fi\",\"description\":\"Le jeu pour apprendre la philosophie autrement\",\"publisher\":{\"@id\":\"https:\/\/www.philodefi.fr\/#organization\"},\"potentialAction\":[{\"@type\":\"SearchAction\",\"target\":{\"@type\":\"EntryPoint\",\"urlTemplate\":\"https:\/\/www.philodefi.fr\/?s={search_term_string}\"},\"query-input\":{\"@type\":\"PropertyValueSpecification\",\"valueRequired\":true,\"valueName\":\"search_term_string\"}}],\"inLanguage\":\"fr-FR\"},{\"@type\":\"Organization\",\"@id\":\"https:\/\/www.philodefi.fr\/#organization\",\"name\":\"Philod\u00e9fi\",\"url\":\"https:\/\/www.philodefi.fr\/\",\"logo\":{\"@type\":\"ImageObject\",\"inLanguage\":\"fr-FR\",\"@id\":\"https:\/\/www.philodefi.fr\/#\/schema\/logo\/image\/\",\"url\":\"https:\/\/www.philodefi.fr\/wp-content\/uploads\/2018\/10\/logo_philodefi-1.png\",\"contentUrl\":\"https:\/\/www.philodefi.fr\/wp-content\/uploads\/2018\/10\/logo_philodefi-1.png\",\"width\":678,\"height\":222,\"caption\":\"Philod\u00e9fi\"},\"image\":{\"@id\":\"https:\/\/www.philodefi.fr\/#\/schema\/logo\/image\/\"},\"sameAs\":[\"https:\/\/fr-fr.facebook.com\/Philodefi\/\",\"https:\/\/www.youtube.com\/channel\/UC_3N0HKscicsk2AIa0fP-tg\"]},{\"@type\":\"Person\",\"@id\":\"https:\/\/www.philodefi.fr\/#\/schema\/person\/a5660db38cf3f8ceaf475ea1e749624e\",\"name\":\"St\u00e9phane Marcireau\",\"image\":{\"@type\":\"ImageObject\",\"inLanguage\":\"fr-FR\",\"@id\":\"https:\/\/www.philodefi.fr\/#\/schema\/person\/image\/\",\"url\":\"https:\/\/secure.gravatar.com\/avatar\/1c12a5187a5aeb9cf66510c3956ca67e?s=96&d=mm&r=g\",\"contentUrl\":\"https:\/\/secure.gravatar.com\/avatar\/1c12a5187a5aeb9cf66510c3956ca67e?s=96&d=mm&r=g\",\"caption\":\"St\u00e9phane Marcireau\"},\"sameAs\":[\"https:\/\/www.philodefi.fr\"],\"url\":\"https:\/\/www.philodefi.fr\/index.php\/author\/stephane\/\"}]}<\/script>\n<!-- \/ Yoast SEO plugin. -->","yoast_head_json":{"title":"Philod\u00e9fi sur France3 TV - Philod\u00e9fi","robots":{"index":"index","follow":"follow","max-snippet":"max-snippet:-1","max-image-preview":"max-image-preview:large","max-video-preview":"max-video-preview:-1"},"canonical":"https:\/\/www.philodefi.fr\/index.php\/2022\/03\/24\/philodefi-sur-france3-tv\/","og_locale":"fr_FR","og_type":"article","og_title":"Philod\u00e9fi sur France3 TV - Philod\u00e9fi","og_description":"Merci \u00e0 toute l&rsquo;\u00e9quipe France3 pour cette interview dans l&rsquo;\u00e9dition du vendredi 18 mars sur le th\u00e8me du BAC philo ! &nbsp;","og_url":"https:\/\/www.philodefi.fr\/index.php\/2022\/03\/24\/philodefi-sur-france3-tv\/","og_site_name":"Philod\u00e9fi","article_publisher":"https:\/\/fr-fr.facebook.com\/Philodefi\/","article_published_time":"2022-03-24T11:10:37+00:00","article_modified_time":"2022-06-14T16:08:17+00:00","og_image":[{"width":1280,"height":720,"url":"https:\/\/www.philodefi.fr\/wp-content\/uploads\/2022\/03\/20220324_France3TV_philodefi.jpg","type":"image\/jpeg"}],"author":"St\u00e9phane Marcireau","twitter_card":"summary_large_image","twitter_misc":{"\u00c9crit par":"St\u00e9phane Marcireau","Dur\u00e9e de lecture estim\u00e9e":"1 minute"},"schema":{"@context":"https:\/\/schema.org","@graph":[{"@type":"Article","@id":"https:\/\/www.philodefi.fr\/index.php\/2022\/03\/24\/philodefi-sur-france3-tv\/#article","isPartOf":{"@id":"https:\/\/www.philodefi.fr\/index.php\/2022\/03\/24\/philodefi-sur-france3-tv\/"},"author":{"name":"St\u00e9phane Marcireau","@id":"https:\/\/www.philodefi.fr\/#\/schema\/person\/a5660db38cf3f8ceaf475ea1e749624e"},"headline":"Philod\u00e9fi sur France3 TV","datePublished":"2022-03-24T11:10:37+00:00","dateModified":"2022-06-14T16:08:17+00:00","mainEntityOfPage":{"@id":"https:\/\/www.philodefi.fr\/index.php\/2022\/03\/24\/philodefi-sur-france3-tv\/"},"wordCount":33,"publisher":{"@id":"https:\/\/www.philodefi.fr\/#organization"},"image":{"@id":"https:\/\/www.philodefi.fr\/index.php\/2022\/03\/24\/philodefi-sur-france3-tv\/#primaryimage"},"thumbnailUrl":"https:\/\/www.philodefi.fr\/wp-content\/uploads\/2022\/03\/20220324_France3TV_philodefi.jpg","articleSection":["Ev\u00e9nements"],"inLanguage":"fr-FR"},{"@type":"WebPage","@id":"https:\/\/www.philodefi.fr\/index.php\/2022\/03\/24\/philodefi-sur-france3-tv\/","url":"https:\/\/www.philodefi.fr\/index.php\/2022\/03\/24\/philodefi-sur-france3-tv\/","name":"Philod\u00e9fi sur France3 TV - Philod\u00e9fi","isPartOf":{"@id":"https:\/\/www.philodefi.fr\/#website"},"primaryImageOfPage":{"@id":"https:\/\/www.philodefi.fr\/index.php\/2022\/03\/24\/philodefi-sur-france3-tv\/#primaryimage"},"image":{"@id":"https:\/\/www.philodefi.fr\/index.php\/2022\/03\/24\/philodefi-sur-france3-tv\/#primaryimage"},"thumbnailUrl":"https:\/\/www.philodefi.fr\/wp-content\/uploads\/2022\/03\/20220324_France3TV_philodefi.jpg","datePublished":"2022-03-24T11:10:37+00:00","dateModified":"2022-06-14T16:08:17+00:00","breadcrumb":{"@id":"https:\/\/www.philodefi.fr\/index.php\/2022\/03\/24\/philodefi-sur-france3-tv\/#breadcrumb"},"inLanguage":"fr-FR","potentialAction":[{"@type":"ReadAction","target":["https:\/\/www.philodefi.fr\/index.php\/2022\/03\/24\/philodefi-sur-france3-tv\/"]}]},{"@type":"ImageObject","inLanguage":"fr-FR","@id":"https:\/\/www.philodefi.fr\/index.php\/2022\/03\/24\/philodefi-sur-france3-tv\/#primaryimage","url":"https:\/\/www.philodefi.fr\/wp-content\/uploads\/2022\/03\/20220324_France3TV_philodefi.jpg","contentUrl":"https:\/\/www.philodefi.fr\/wp-content\/uploads\/2022\/03\/20220324_France3TV_philodefi.jpg","width":1280,"height":720},{"@type":"BreadcrumbList","@id":"https:\/\/www.philodefi.fr\/index.php\/2022\/03\/24\/philodefi-sur-france3-tv\/#breadcrumb","itemListElement":[{"@type":"ListItem","position":1,"name":"Accueil","item":"https:\/\/www.philodefi.fr\/"},{"@type":"ListItem","position":2,"name":"Philod\u00e9fi sur France3 TV"}]},{"@type":"WebSite","@id":"https:\/\/www.philodefi.fr\/#website","url":"https:\/\/www.philodefi.fr\/","name":"Philod\u00e9fi","description":"Le jeu pour apprendre la philosophie autrement","publisher":{"@id":"https:\/\/www.philodefi.fr\/#organization"},"potentialAction":[{"@type":"SearchAction","target":{"@type":"EntryPoint","urlTemplate":"https:\/\/www.philodefi.fr\/?s={search_term_string}"},"query-input":{"@type":"PropertyValueSpecification","valueRequired":true,"valueName":"search_term_string"}}],"inLanguage":"fr-FR"},{"@type":"Organization","@id":"https:\/\/www.philodefi.fr\/#organization","name":"Philod\u00e9fi","url":"https:\/\/www.philodefi.fr\/","logo":{"@type":"ImageObject","inLanguage":"fr-FR","@id":"https:\/\/www.philodefi.fr\/#\/schema\/logo\/image\/","url":"https:\/\/www.philodefi.fr\/wp-content\/uploads\/2018\/10\/logo_philodefi-1.png","contentUrl":"https:\/\/www.philodefi.fr\/wp-content\/uploads\/2018\/10\/logo_philodefi-1.png","width":678,"height":222,"caption":"Philod\u00e9fi"},"image":{"@id":"https:\/\/www.philodefi.fr\/#\/schema\/logo\/image\/"},"sameAs":["https:\/\/fr-fr.facebook.com\/Philodefi\/","https:\/\/www.youtube.com\/channel\/UC_3N0HKscicsk2AIa0fP-tg"]},{"@type":"Person","@id":"https:\/\/www.philodefi.fr\/#\/schema\/person\/a5660db38cf3f8ceaf475ea1e749624e","name":"St\u00e9phane Marcireau","image":{"@type":"ImageObject","inLanguage":"fr-FR","@id":"https:\/\/www.philodefi.fr\/#\/schema\/person\/image\/","url":"https:\/\/secure.gravatar.com\/avatar\/1c12a5187a5aeb9cf66510c3956ca67e?s=96&d=mm&r=g","contentUrl":"https:\/\/secure.gravatar.com\/avatar\/1c12a5187a5aeb9cf66510c3956ca67e?s=96&d=mm&r=g","caption":"St\u00e9phane Marcireau"},"sameAs":["https:\/\/www.philodefi.fr"],"url":"https:\/\/www.philodefi.fr\/index.php\/author\/stephane\/"}]}},"jetpack_featured_media_url":"https:\/\/www.philodefi.fr\/wp-content\/uploads\/2022\/03\/20220324_France3TV_philodefi.jpg","jetpack_sharing_enabled":true,"jetpack_shortlink":"https:\/\/wp.me\/pavdZ1-1PS","_links":{"self":[{"href":"https:\/\/www.philodefi.fr\/index.php\/wp-json\/wp\/v2\/posts\/7060","targetHints":{"allow":["GET"]}}],"collection":[{"href":"https:\/\/www.philodefi.fr\/index.php\/wp-json\/wp\/v2\/posts"}],"about":[{"href":"https:\/\/www.philodefi.fr\/index.php\/wp-json\/wp\/v2\/types\/post"}],"author":[{"embeddable":true,"href":"https:\/\/www.philodefi.fr\/index.php\/wp-json\/wp\/v2\/users\/2"}],"replies":[{"embeddable":true,"href":"https:\/\/www.philodefi.fr\/index.php\/wp-json\/wp\/v2\/comments?post=7060"}],"version-history":[{"count":0,"href":"https:\/\/www.philodefi.fr\/index.php\/wp-json\/wp\/v2\/posts\/7060\/revisions"}],"wp:featuredmedia":[{"embeddable":true,"href":"https:\/\/www.philodefi.fr\/index.php\/wp-json\/wp\/v2\/media\/7062"}],"wp:attachment":[{"href":"https:\/\/www.philodefi.fr\/index.php\/wp-json\/wp\/v2\/media?parent=7060"}],"wp:term":[{"taxonomy":"category","embeddable":true,"href":"https:\/\/www.philodefi.fr\/index.php\/wp-json\/wp\/v2\/categories?post=7060"},{"taxonomy":"post_tag","embeddable":true,"href":"https:\/\/www.philodefi.fr\/index.php\/wp-json\/wp\/v2\/tags?post=7060"}],"curies":[{"name":"wp","href":"https:\/\/api.w.org\/{rel}","templated":true}]}}