{"id":5762,"date":"2021-05-08T13:15:09","date_gmt":"2021-05-08T11:15:09","guid":{"rendered":"https:\/\/www.philodefi.fr\/?p=5762"},"modified":"2021-05-10T13:16:32","modified_gmt":"2021-05-10T11:16:32","slug":"ils-parlent-de-lapplication-mobile-philodefi","status":"publish","type":"post","link":"https:\/\/www.philodefi.fr\/index.php\/2021\/05\/08\/ils-parlent-de-lapplication-mobile-philodefi\/","title":{"rendered":"Ils parlent de l&rsquo;application mobile Philod\u00e9fi"},"content":{"rendered":"<p>On remercie chaleureusement d&rsquo;avoir pris le temps de d\u00e9couvrir et parler de notre application:<\/p>\n<p>Les journalistes Bruno Delion, Jean-Michel Gouin, l&rsquo;association Philament et Antoine Frappier \u00e0 l&rsquo;acad\u00e9mie de Poitiers. Merci pour votre soutien !<\/p>\n<p><img loading=\"lazy\" decoding=\"async\" src=\"https:\/\/www.philodefi.fr\/wp-content\/uploads\/2021\/05\/20210506_CP_WA0000_site.jpg\" alt=\"\" class=\"alignnone size-full wp-image-5763\" width=\"800\" height=\"831\" srcset=\"https:\/\/www.philodefi.fr\/wp-content\/uploads\/2021\/05\/20210506_CP_WA0000_site.jpg 800w, https:\/\/www.philodefi.fr\/wp-content\/uploads\/2021\/05\/20210506_CP_WA0000_site-289x300.jpg 289w, https:\/\/www.philodefi.fr\/wp-content\/uploads\/2021\/05\/20210506_CP_WA0000_site-768x798.jpg 768w, https:\/\/www.philodefi.fr\/wp-content\/uploads\/2021\/05\/20210506_CP_WA0000_site-600x623.jpg 600w\" sizes=\"auto, (max-width: 800px) 100vw, 800px\" \/> <img loading=\"lazy\" decoding=\"async\" src=\"https:\/\/www.philodefi.fr\/wp-content\/uploads\/2021\/05\/20210510_philament_FB_site.jpg\" alt=\"\" class=\"alignnone size-large wp-image-5764\" width=\"750\" height=\"608\" srcset=\"https:\/\/www.philodefi.fr\/wp-content\/uploads\/2021\/05\/20210510_philament_FB_site.jpg 800w, https:\/\/www.philodefi.fr\/wp-content\/uploads\/2021\/05\/20210510_philament_FB_site-300x243.jpg 300w, https:\/\/www.philodefi.fr\/wp-content\/uploads\/2021\/05\/20210510_philament_FB_site-768x622.jpg 768w, https:\/\/www.philodefi.fr\/wp-content\/uploads\/2021\/05\/20210510_philament_FB_site-600x486.jpg 600w\" sizes=\"auto, (max-width: 750px) 100vw, 750px\" \/> <img loading=\"lazy\" decoding=\"async\" src=\"https:\/\/www.philodefi.fr\/wp-content\/uploads\/2021\/05\/20210507_7aPoitiers_appPhilodefi_site.jpg\" alt=\"\" class=\"alignnone size-large wp-image-5765\" width=\"750\" height=\"425\" srcset=\"https:\/\/www.philodefi.fr\/wp-content\/uploads\/2021\/05\/20210507_7aPoitiers_appPhilodefi_site.jpg 769w, https:\/\/www.philodefi.fr\/wp-content\/uploads\/2021\/05\/20210507_7aPoitiers_appPhilodefi_site-300x170.jpg 300w, https:\/\/www.philodefi.fr\/wp-content\/uploads\/2021\/05\/20210507_7aPoitiers_appPhilodefi_site-600x340.jpg 600w\" sizes=\"auto, (max-width: 750px) 100vw, 750px\" \/> <img loading=\"lazy\" decoding=\"async\" src=\"https:\/\/www.philodefi.fr\/wp-content\/uploads\/2021\/05\/20210505_NR_appMobile_site.jpg\" alt=\"\" class=\"alignnone size-large wp-image-5766\" width=\"750\" height=\"550\" srcset=\"https:\/\/www.philodefi.fr\/wp-content\/uploads\/2021\/05\/20210505_NR_appMobile_site.jpg 800w, https:\/\/www.philodefi.fr\/wp-content\/uploads\/2021\/05\/20210505_NR_appMobile_site-300x220.jpg 300w, https:\/\/www.philodefi.fr\/wp-content\/uploads\/2021\/05\/20210505_NR_appMobile_site-768x564.jpg 768w, https:\/\/www.philodefi.fr\/wp-content\/uploads\/2021\/05\/20210505_NR_appMobile_site-600x440.jpg 600w\" sizes=\"auto, (max-width: 750px) 100vw, 750px\" \/> <img loading=\"lazy\" decoding=\"async\" src=\"https:\/\/www.philodefi.fr\/wp-content\/uploads\/2021\/05\/202105_app_site_academie_poitiers_site.jpg\" alt=\"\" class=\"alignnone size-large wp-image-5767\" width=\"750\" height=\"743\" srcset=\"https:\/\/www.philodefi.fr\/wp-content\/uploads\/2021\/05\/202105_app_site_academie_poitiers_site.jpg 800w, https:\/\/www.philodefi.fr\/wp-content\/uploads\/2021\/05\/202105_app_site_academie_poitiers_site-300x297.jpg 300w, https:\/\/www.philodefi.fr\/wp-content\/uploads\/2021\/05\/202105_app_site_academie_poitiers_site-150x150.jpg 150w, https:\/\/www.philodefi.fr\/wp-content\/uploads\/2021\/05\/202105_app_site_academie_poitiers_site-768x761.jpg 768w, https:\/\/www.philodefi.fr\/wp-content\/uploads\/2021\/05\/202105_app_site_academie_poitiers_site-600x595.jpg 600w, https:\/\/www.philodefi.fr\/wp-content\/uploads\/2021\/05\/202105_app_site_academie_poitiers_site-160x160.jpg 160w, https:\/\/www.philodefi.fr\/wp-content\/uploads\/2021\/05\/202105_app_site_academie_poitiers_site-50x50.jpg 50w\" sizes=\"auto, (max-width: 750px) 100vw, 750px\" \/><\/p>\n","protected":false},"excerpt":{"rendered":"<p>On remercie chaleureusement d&rsquo;avoir pris le temps de d\u00e9couvrir et parler de notre application: Les journalistes Bruno Delion, Jean-Michel Gouin, l&rsquo;association Philament et Antoine Frappier \u00e0 l&rsquo;acad\u00e9mie de Poitiers. Merci pour votre soutien !<\/p>\n","protected":false},"author":2,"featured_media":5763,"comment_status":"closed","ping_status":"open","sticky":false,"template":"","format":"standard","meta":{"jetpack_post_was_ever_published":false,"_jetpack_newsletter_access":"","_jetpack_dont_email_post_to_subs":false,"_jetpack_newsletter_tier_id":0,"_jetpack_memberships_contains_paywalled_content":false,"_jetpack_memberships_contains_paid_content":false,"footnotes":"","jetpack_publicize_message":"","jetpack_publicize_feature_enabled":true,"jetpack_social_post_already_shared":true,"jetpack_social_options":{"image_generator_settings":{"template":"highway","enabled":false},"version":2}},"categories":[6],"tags":[],"class_list":["post-5762","post","type-post","status-publish","format-standard","has-post-thumbnail","hentry","category-evenements"],"jetpack_publicize_connections":[],"yoast_head":"<!-- This site is optimized with the Yoast SEO plugin v24.0 - https:\/\/yoast.com\/wordpress\/plugins\/seo\/ -->\n<title>Ils parlent de l&#039;application mobile Philod\u00e9fi - Philod\u00e9fi<\/title>\n<meta name=\"robots\" content=\"index, follow, max-snippet:-1, max-image-preview:large, max-video-preview:-1\" \/>\n<link rel=\"canonical\" href=\"https:\/\/www.philodefi.fr\/index.php\/2021\/05\/08\/ils-parlent-de-lapplication-mobile-philodefi\/\" \/>\n<meta property=\"og:locale\" content=\"fr_FR\" \/>\n<meta property=\"og:type\" content=\"article\" \/>\n<meta property=\"og:title\" content=\"Ils parlent de l&#039;application mobile Philod\u00e9fi - Philod\u00e9fi\" \/>\n<meta property=\"og:description\" content=\"On remercie chaleureusement d&rsquo;avoir pris le temps de d\u00e9couvrir et parler de notre application: Les journalistes Bruno Delion, Jean-Michel Gouin, l&rsquo;association Philament et Antoine Frappier \u00e0 l&rsquo;acad\u00e9mie de Poitiers. Merci pour votre soutien !\" \/>\n<meta property=\"og:url\" content=\"https:\/\/www.philodefi.fr\/index.php\/2021\/05\/08\/ils-parlent-de-lapplication-mobile-philodefi\/\" \/>\n<meta property=\"og:site_name\" content=\"Philod\u00e9fi\" \/>\n<meta property=\"article:publisher\" content=\"https:\/\/fr-fr.facebook.com\/Philodefi\/\" \/>\n<meta property=\"article:published_time\" content=\"2021-05-08T11:15:09+00:00\" \/>\n<meta property=\"article:modified_time\" content=\"2021-05-10T11:16:32+00:00\" \/>\n<meta property=\"og:image\" content=\"https:\/\/www.philodefi.fr\/wp-content\/uploads\/2021\/05\/20210506_CP_WA0000_site.jpg\" \/>\n\t<meta property=\"og:image:width\" content=\"800\" \/>\n\t<meta property=\"og:image:height\" content=\"831\" \/>\n\t<meta property=\"og:image:type\" content=\"image\/jpeg\" \/>\n<meta name=\"author\" content=\"St\u00e9phane Marcireau\" \/>\n<meta name=\"twitter:card\" content=\"summary_large_image\" \/>\n<meta name=\"twitter:label1\" content=\"\u00c9crit par\" \/>\n\t<meta name=\"twitter:data1\" content=\"St\u00e9phane Marcireau\" \/>\n\t<meta name=\"twitter:label2\" content=\"Dur\u00e9e de lecture estim\u00e9e\" \/>\n\t<meta name=\"twitter:data2\" content=\"2 minutes\" \/>\n<script type=\"application\/ld+json\" class=\"yoast-schema-graph\">{\"@context\":\"https:\/\/schema.org\",\"@graph\":[{\"@type\":\"Article\",\"@id\":\"https:\/\/www.philodefi.fr\/index.php\/2021\/05\/08\/ils-parlent-de-lapplication-mobile-philodefi\/#article\",\"isPartOf\":{\"@id\":\"https:\/\/www.philodefi.fr\/index.php\/2021\/05\/08\/ils-parlent-de-lapplication-mobile-philodefi\/\"},\"author\":{\"name\":\"St\u00e9phane Marcireau\",\"@id\":\"https:\/\/www.philodefi.fr\/#\/schema\/person\/a5660db38cf3f8ceaf475ea1e749624e\"},\"headline\":\"Ils parlent de l&rsquo;application mobile Philod\u00e9fi\",\"datePublished\":\"2021-05-08T11:15:09+00:00\",\"dateModified\":\"2021-05-10T11:16:32+00:00\",\"mainEntityOfPage\":{\"@id\":\"https:\/\/www.philodefi.fr\/index.php\/2021\/05\/08\/ils-parlent-de-lapplication-mobile-philodefi\/\"},\"wordCount\":45,\"publisher\":{\"@id\":\"https:\/\/www.philodefi.fr\/#organization\"},\"image\":{\"@id\":\"https:\/\/www.philodefi.fr\/index.php\/2021\/05\/08\/ils-parlent-de-lapplication-mobile-philodefi\/#primaryimage\"},\"thumbnailUrl\":\"https:\/\/www.philodefi.fr\/wp-content\/uploads\/2021\/05\/20210506_CP_WA0000_site.jpg\",\"articleSection\":[\"Ev\u00e9nements\"],\"inLanguage\":\"fr-FR\"},{\"@type\":\"WebPage\",\"@id\":\"https:\/\/www.philodefi.fr\/index.php\/2021\/05\/08\/ils-parlent-de-lapplication-mobile-philodefi\/\",\"url\":\"https:\/\/www.philodefi.fr\/index.php\/2021\/05\/08\/ils-parlent-de-lapplication-mobile-philodefi\/\",\"name\":\"Ils parlent de l'application mobile Philod\u00e9fi - Philod\u00e9fi\",\"isPartOf\":{\"@id\":\"https:\/\/www.philodefi.fr\/#website\"},\"primaryImageOfPage\":{\"@id\":\"https:\/\/www.philodefi.fr\/index.php\/2021\/05\/08\/ils-parlent-de-lapplication-mobile-philodefi\/#primaryimage\"},\"image\":{\"@id\":\"https:\/\/www.philodefi.fr\/index.php\/2021\/05\/08\/ils-parlent-de-lapplication-mobile-philodefi\/#primaryimage\"},\"thumbnailUrl\":\"https:\/\/www.philodefi.fr\/wp-content\/uploads\/2021\/05\/20210506_CP_WA0000_site.jpg\",\"datePublished\":\"2021-05-08T11:15:09+00:00\",\"dateModified\":\"2021-05-10T11:16:32+00:00\",\"breadcrumb\":{\"@id\":\"https:\/\/www.philodefi.fr\/index.php\/2021\/05\/08\/ils-parlent-de-lapplication-mobile-philodefi\/#breadcrumb\"},\"inLanguage\":\"fr-FR\",\"potentialAction\":[{\"@type\":\"ReadAction\",\"target\":[\"https:\/\/www.philodefi.fr\/index.php\/2021\/05\/08\/ils-parlent-de-lapplication-mobile-philodefi\/\"]}]},{\"@type\":\"ImageObject\",\"inLanguage\":\"fr-FR\",\"@id\":\"https:\/\/www.philodefi.fr\/index.php\/2021\/05\/08\/ils-parlent-de-lapplication-mobile-philodefi\/#primaryimage\",\"url\":\"https:\/\/www.philodefi.fr\/wp-content\/uploads\/2021\/05\/20210506_CP_WA0000_site.jpg\",\"contentUrl\":\"https:\/\/www.philodefi.fr\/wp-content\/uploads\/2021\/05\/20210506_CP_WA0000_site.jpg\",\"width\":800,\"height\":831},{\"@type\":\"BreadcrumbList\",\"@id\":\"https:\/\/www.philodefi.fr\/index.php\/2021\/05\/08\/ils-parlent-de-lapplication-mobile-philodefi\/#breadcrumb\",\"itemListElement\":[{\"@type\":\"ListItem\",\"position\":1,\"name\":\"Accueil\",\"item\":\"https:\/\/www.philodefi.fr\/\"},{\"@type\":\"ListItem\",\"position\":2,\"name\":\"Ils parlent de l&#8217;application mobile Philod\u00e9fi\"}]},{\"@type\":\"WebSite\",\"@id\":\"https:\/\/www.philodefi.fr\/#website\",\"url\":\"https:\/\/www.philodefi.fr\/\",\"name\":\"Philod\u00e9fi\",\"description\":\"Le jeu pour apprendre la philosophie autrement\",\"publisher\":{\"@id\":\"https:\/\/www.philodefi.fr\/#organization\"},\"potentialAction\":[{\"@type\":\"SearchAction\",\"target\":{\"@type\":\"EntryPoint\",\"urlTemplate\":\"https:\/\/www.philodefi.fr\/?s={search_term_string}\"},\"query-input\":{\"@type\":\"PropertyValueSpecification\",\"valueRequired\":true,\"valueName\":\"search_term_string\"}}],\"inLanguage\":\"fr-FR\"},{\"@type\":\"Organization\",\"@id\":\"https:\/\/www.philodefi.fr\/#organization\",\"name\":\"Philod\u00e9fi\",\"url\":\"https:\/\/www.philodefi.fr\/\",\"logo\":{\"@type\":\"ImageObject\",\"inLanguage\":\"fr-FR\",\"@id\":\"https:\/\/www.philodefi.fr\/#\/schema\/logo\/image\/\",\"url\":\"https:\/\/www.philodefi.fr\/wp-content\/uploads\/2018\/10\/logo_philodefi-1.png\",\"contentUrl\":\"https:\/\/www.philodefi.fr\/wp-content\/uploads\/2018\/10\/logo_philodefi-1.png\",\"width\":678,\"height\":222,\"caption\":\"Philod\u00e9fi\"},\"image\":{\"@id\":\"https:\/\/www.philodefi.fr\/#\/schema\/logo\/image\/\"},\"sameAs\":[\"https:\/\/fr-fr.facebook.com\/Philodefi\/\",\"https:\/\/www.youtube.com\/channel\/UC_3N0HKscicsk2AIa0fP-tg\"]},{\"@type\":\"Person\",\"@id\":\"https:\/\/www.philodefi.fr\/#\/schema\/person\/a5660db38cf3f8ceaf475ea1e749624e\",\"name\":\"St\u00e9phane Marcireau\",\"image\":{\"@type\":\"ImageObject\",\"inLanguage\":\"fr-FR\",\"@id\":\"https:\/\/www.philodefi.fr\/#\/schema\/person\/image\/\",\"url\":\"https:\/\/secure.gravatar.com\/avatar\/1c12a5187a5aeb9cf66510c3956ca67e?s=96&d=mm&r=g\",\"contentUrl\":\"https:\/\/secure.gravatar.com\/avatar\/1c12a5187a5aeb9cf66510c3956ca67e?s=96&d=mm&r=g\",\"caption\":\"St\u00e9phane Marcireau\"},\"sameAs\":[\"https:\/\/www.philodefi.fr\"],\"url\":\"https:\/\/www.philodefi.fr\/index.php\/author\/stephane\/\"}]}<\/script>\n<!-- \/ Yoast SEO plugin. -->","yoast_head_json":{"title":"Ils parlent de l'application mobile Philod\u00e9fi - Philod\u00e9fi","robots":{"index":"index","follow":"follow","max-snippet":"max-snippet:-1","max-image-preview":"max-image-preview:large","max-video-preview":"max-video-preview:-1"},"canonical":"https:\/\/www.philodefi.fr\/index.php\/2021\/05\/08\/ils-parlent-de-lapplication-mobile-philodefi\/","og_locale":"fr_FR","og_type":"article","og_title":"Ils parlent de l'application mobile Philod\u00e9fi - Philod\u00e9fi","og_description":"On remercie chaleureusement d&rsquo;avoir pris le temps de d\u00e9couvrir et parler de notre application: Les journalistes Bruno Delion, Jean-Michel Gouin, l&rsquo;association Philament et Antoine Frappier \u00e0 l&rsquo;acad\u00e9mie de Poitiers. Merci pour votre soutien !","og_url":"https:\/\/www.philodefi.fr\/index.php\/2021\/05\/08\/ils-parlent-de-lapplication-mobile-philodefi\/","og_site_name":"Philod\u00e9fi","article_publisher":"https:\/\/fr-fr.facebook.com\/Philodefi\/","article_published_time":"2021-05-08T11:15:09+00:00","article_modified_time":"2021-05-10T11:16:32+00:00","og_image":[{"width":800,"height":831,"url":"https:\/\/www.philodefi.fr\/wp-content\/uploads\/2021\/05\/20210506_CP_WA0000_site.jpg","type":"image\/jpeg"}],"author":"St\u00e9phane Marcireau","twitter_card":"summary_large_image","twitter_misc":{"\u00c9crit par":"St\u00e9phane Marcireau","Dur\u00e9e de lecture estim\u00e9e":"2 minutes"},"schema":{"@context":"https:\/\/schema.org","@graph":[{"@type":"Article","@id":"https:\/\/www.philodefi.fr\/index.php\/2021\/05\/08\/ils-parlent-de-lapplication-mobile-philodefi\/#article","isPartOf":{"@id":"https:\/\/www.philodefi.fr\/index.php\/2021\/05\/08\/ils-parlent-de-lapplication-mobile-philodefi\/"},"author":{"name":"St\u00e9phane Marcireau","@id":"https:\/\/www.philodefi.fr\/#\/schema\/person\/a5660db38cf3f8ceaf475ea1e749624e"},"headline":"Ils parlent de l&rsquo;application mobile Philod\u00e9fi","datePublished":"2021-05-08T11:15:09+00:00","dateModified":"2021-05-10T11:16:32+00:00","mainEntityOfPage":{"@id":"https:\/\/www.philodefi.fr\/index.php\/2021\/05\/08\/ils-parlent-de-lapplication-mobile-philodefi\/"},"wordCount":45,"publisher":{"@id":"https:\/\/www.philodefi.fr\/#organization"},"image":{"@id":"https:\/\/www.philodefi.fr\/index.php\/2021\/05\/08\/ils-parlent-de-lapplication-mobile-philodefi\/#primaryimage"},"thumbnailUrl":"https:\/\/www.philodefi.fr\/wp-content\/uploads\/2021\/05\/20210506_CP_WA0000_site.jpg","articleSection":["Ev\u00e9nements"],"inLanguage":"fr-FR"},{"@type":"WebPage","@id":"https:\/\/www.philodefi.fr\/index.php\/2021\/05\/08\/ils-parlent-de-lapplication-mobile-philodefi\/","url":"https:\/\/www.philodefi.fr\/index.php\/2021\/05\/08\/ils-parlent-de-lapplication-mobile-philodefi\/","name":"Ils parlent de l'application mobile Philod\u00e9fi - Philod\u00e9fi","isPartOf":{"@id":"https:\/\/www.philodefi.fr\/#website"},"primaryImageOfPage":{"@id":"https:\/\/www.philodefi.fr\/index.php\/2021\/05\/08\/ils-parlent-de-lapplication-mobile-philodefi\/#primaryimage"},"image":{"@id":"https:\/\/www.philodefi.fr\/index.php\/2021\/05\/08\/ils-parlent-de-lapplication-mobile-philodefi\/#primaryimage"},"thumbnailUrl":"https:\/\/www.philodefi.fr\/wp-content\/uploads\/2021\/05\/20210506_CP_WA0000_site.jpg","datePublished":"2021-05-08T11:15:09+00:00","dateModified":"2021-05-10T11:16:32+00:00","breadcrumb":{"@id":"https:\/\/www.philodefi.fr\/index.php\/2021\/05\/08\/ils-parlent-de-lapplication-mobile-philodefi\/#breadcrumb"},"inLanguage":"fr-FR","potentialAction":[{"@type":"ReadAction","target":["https:\/\/www.philodefi.fr\/index.php\/2021\/05\/08\/ils-parlent-de-lapplication-mobile-philodefi\/"]}]},{"@type":"ImageObject","inLanguage":"fr-FR","@id":"https:\/\/www.philodefi.fr\/index.php\/2021\/05\/08\/ils-parlent-de-lapplication-mobile-philodefi\/#primaryimage","url":"https:\/\/www.philodefi.fr\/wp-content\/uploads\/2021\/05\/20210506_CP_WA0000_site.jpg","contentUrl":"https:\/\/www.philodefi.fr\/wp-content\/uploads\/2021\/05\/20210506_CP_WA0000_site.jpg","width":800,"height":831},{"@type":"BreadcrumbList","@id":"https:\/\/www.philodefi.fr\/index.php\/2021\/05\/08\/ils-parlent-de-lapplication-mobile-philodefi\/#breadcrumb","itemListElement":[{"@type":"ListItem","position":1,"name":"Accueil","item":"https:\/\/www.philodefi.fr\/"},{"@type":"ListItem","position":2,"name":"Ils parlent de l&#8217;application mobile Philod\u00e9fi"}]},{"@type":"WebSite","@id":"https:\/\/www.philodefi.fr\/#website","url":"https:\/\/www.philodefi.fr\/","name":"Philod\u00e9fi","description":"Le jeu pour apprendre la philosophie autrement","publisher":{"@id":"https:\/\/www.philodefi.fr\/#organization"},"potentialAction":[{"@type":"SearchAction","target":{"@type":"EntryPoint","urlTemplate":"https:\/\/www.philodefi.fr\/?s={search_term_string}"},"query-input":{"@type":"PropertyValueSpecification","valueRequired":true,"valueName":"search_term_string"}}],"inLanguage":"fr-FR"},{"@type":"Organization","@id":"https:\/\/www.philodefi.fr\/#organization","name":"Philod\u00e9fi","url":"https:\/\/www.philodefi.fr\/","logo":{"@type":"ImageObject","inLanguage":"fr-FR","@id":"https:\/\/www.philodefi.fr\/#\/schema\/logo\/image\/","url":"https:\/\/www.philodefi.fr\/wp-content\/uploads\/2018\/10\/logo_philodefi-1.png","contentUrl":"https:\/\/www.philodefi.fr\/wp-content\/uploads\/2018\/10\/logo_philodefi-1.png","width":678,"height":222,"caption":"Philod\u00e9fi"},"image":{"@id":"https:\/\/www.philodefi.fr\/#\/schema\/logo\/image\/"},"sameAs":["https:\/\/fr-fr.facebook.com\/Philodefi\/","https:\/\/www.youtube.com\/channel\/UC_3N0HKscicsk2AIa0fP-tg"]},{"@type":"Person","@id":"https:\/\/www.philodefi.fr\/#\/schema\/person\/a5660db38cf3f8ceaf475ea1e749624e","name":"St\u00e9phane Marcireau","image":{"@type":"ImageObject","inLanguage":"fr-FR","@id":"https:\/\/www.philodefi.fr\/#\/schema\/person\/image\/","url":"https:\/\/secure.gravatar.com\/avatar\/1c12a5187a5aeb9cf66510c3956ca67e?s=96&d=mm&r=g","contentUrl":"https:\/\/secure.gravatar.com\/avatar\/1c12a5187a5aeb9cf66510c3956ca67e?s=96&d=mm&r=g","caption":"St\u00e9phane Marcireau"},"sameAs":["https:\/\/www.philodefi.fr"],"url":"https:\/\/www.philodefi.fr\/index.php\/author\/stephane\/"}]}},"jetpack_featured_media_url":"https:\/\/www.philodefi.fr\/wp-content\/uploads\/2021\/05\/20210506_CP_WA0000_site.jpg","jetpack_sharing_enabled":true,"jetpack_shortlink":"https:\/\/wp.me\/pavdZ1-1uW","_links":{"self":[{"href":"https:\/\/www.philodefi.fr\/index.php\/wp-json\/wp\/v2\/posts\/5762","targetHints":{"allow":["GET"]}}],"collection":[{"href":"https:\/\/www.philodefi.fr\/index.php\/wp-json\/wp\/v2\/posts"}],"about":[{"href":"https:\/\/www.philodefi.fr\/index.php\/wp-json\/wp\/v2\/types\/post"}],"author":[{"embeddable":true,"href":"https:\/\/www.philodefi.fr\/index.php\/wp-json\/wp\/v2\/users\/2"}],"replies":[{"embeddable":true,"href":"https:\/\/www.philodefi.fr\/index.php\/wp-json\/wp\/v2\/comments?post=5762"}],"version-history":[{"count":0,"href":"https:\/\/www.philodefi.fr\/index.php\/wp-json\/wp\/v2\/posts\/5762\/revisions"}],"wp:featuredmedia":[{"embeddable":true,"href":"https:\/\/www.philodefi.fr\/index.php\/wp-json\/wp\/v2\/media\/5763"}],"wp:attachment":[{"href":"https:\/\/www.philodefi.fr\/index.php\/wp-json\/wp\/v2\/media?parent=5762"}],"wp:term":[{"taxonomy":"category","embeddable":true,"href":"https:\/\/www.philodefi.fr\/index.php\/wp-json\/wp\/v2\/categories?post=5762"},{"taxonomy":"post_tag","embeddable":true,"href":"https:\/\/www.philodefi.fr\/index.php\/wp-json\/wp\/v2\/tags?post=5762"}],"curies":[{"name":"wp","href":"https:\/\/api.w.org\/{rel}","templated":true}]}}