{"id":3302,"date":"2019-11-17T13:28:10","date_gmt":"2019-11-17T12:28:10","guid":{"rendered":"https:\/\/www.philodefi.fr\/?p=3302"},"modified":"2019-11-17T13:28:10","modified_gmt":"2019-11-17T12:28:10","slug":"animation-philodefi-a-la-rochelle-samedi-25-janvier-2020","status":"publish","type":"post","link":"https:\/\/www.philodefi.fr\/index.php\/2019\/11\/17\/animation-philodefi-a-la-rochelle-samedi-25-janvier-2020\/","title":{"rendered":"Animation Philod\u00e9fi \u00e0 La Rochelle &#8211; samedi 25 janvier 2020"},"content":{"rendered":"<p>J&rsquo;aurai le plaisir d&rsquo;animer une pr\u00e9sentation de Philod\u00e9fi \u00e0 La Rochelle le samedi 25 janvier 2020, avec le soutien de Cultura Puilboreau :<\/p>\n<p>Rendez-vous au magasin Cultura 5 rue de Belgique \u00e0 Puilboreau (17138) !<\/p>\n<p>A bient\u00f4t,<\/p>\n<p>St\u00e9phane Marcireau<\/p>\n","protected":false},"excerpt":{"rendered":"<p>J&rsquo;aurai le plaisir d&rsquo;animer une pr\u00e9sentation de Philod\u00e9fi \u00e0 La Rochelle le samedi 25 janvier 2020, avec le soutien de Cultura Puilboreau : Rendez-vous au magasin Cultura 5 rue de Belgique \u00e0 Puilboreau (17138) ! A bient\u00f4t, St\u00e9phane Marcireau<\/p>\n","protected":false},"author":2,"featured_media":2919,"comment_status":"closed","ping_status":"open","sticky":false,"template":"","format":"standard","meta":{"jetpack_post_was_ever_published":false,"_jetpack_newsletter_access":"","_jetpack_dont_email_post_to_subs":false,"_jetpack_newsletter_tier_id":0,"_jetpack_memberships_contains_paywalled_content":false,"_jetpack_memberships_contains_paid_content":false,"footnotes":"","jetpack_publicize_message":"","jetpack_publicize_feature_enabled":true,"jetpack_social_post_already_shared":true,"jetpack_social_options":{"image_generator_settings":{"template":"highway","enabled":false},"version":2}},"categories":[6],"tags":[],"class_list":["post-3302","post","type-post","status-publish","format-standard","has-post-thumbnail","hentry","category-evenements"],"jetpack_publicize_connections":[],"yoast_head":"<!-- This site is optimized with the Yoast SEO plugin v24.0 - https:\/\/yoast.com\/wordpress\/plugins\/seo\/ -->\n<title>Animation Philod\u00e9fi \u00e0 La Rochelle - samedi 25 janvier 2020 - Philod\u00e9fi<\/title>\n<meta name=\"robots\" content=\"index, follow, max-snippet:-1, max-image-preview:large, max-video-preview:-1\" \/>\n<link rel=\"canonical\" href=\"https:\/\/www.philodefi.fr\/index.php\/2019\/11\/17\/animation-philodefi-a-la-rochelle-samedi-25-janvier-2020\/\" \/>\n<meta property=\"og:locale\" content=\"fr_FR\" \/>\n<meta property=\"og:type\" content=\"article\" \/>\n<meta property=\"og:title\" content=\"Animation Philod\u00e9fi \u00e0 La Rochelle - samedi 25 janvier 2020 - Philod\u00e9fi\" \/>\n<meta property=\"og:description\" content=\"J&rsquo;aurai le plaisir d&rsquo;animer une pr\u00e9sentation de Philod\u00e9fi \u00e0 La Rochelle le samedi 25 janvier 2020, avec le soutien de Cultura Puilboreau : Rendez-vous au magasin Cultura 5 rue de Belgique \u00e0 Puilboreau (17138) ! A bient\u00f4t, St\u00e9phane Marcireau\" \/>\n<meta property=\"og:url\" content=\"https:\/\/www.philodefi.fr\/index.php\/2019\/11\/17\/animation-philodefi-a-la-rochelle-samedi-25-janvier-2020\/\" \/>\n<meta property=\"og:site_name\" content=\"Philod\u00e9fi\" \/>\n<meta property=\"article:publisher\" content=\"https:\/\/fr-fr.facebook.com\/Philodefi\/\" \/>\n<meta property=\"article:published_time\" content=\"2019-11-17T12:28:10+00:00\" \/>\n<meta property=\"og:image\" content=\"https:\/\/www.philodefi.fr\/wp-content\/uploads\/2019\/08\/20190829_Philodefi-Stephane-Marcireau-propose-dapprendre-philosophie-samusant-7_0_729_912.jpg\" \/>\n\t<meta property=\"og:image:width\" content=\"729\" \/>\n\t<meta property=\"og:image:height\" content=\"912\" \/>\n\t<meta property=\"og:image:type\" content=\"image\/jpeg\" \/>\n<meta name=\"author\" content=\"St\u00e9phane Marcireau\" \/>\n<meta name=\"twitter:card\" content=\"summary_large_image\" \/>\n<meta name=\"twitter:label1\" content=\"\u00c9crit par\" \/>\n\t<meta name=\"twitter:data1\" content=\"St\u00e9phane Marcireau\" \/>\n<script type=\"application\/ld+json\" class=\"yoast-schema-graph\">{\"@context\":\"https:\/\/schema.org\",\"@graph\":[{\"@type\":\"Article\",\"@id\":\"https:\/\/www.philodefi.fr\/index.php\/2019\/11\/17\/animation-philodefi-a-la-rochelle-samedi-25-janvier-2020\/#article\",\"isPartOf\":{\"@id\":\"https:\/\/www.philodefi.fr\/index.php\/2019\/11\/17\/animation-philodefi-a-la-rochelle-samedi-25-janvier-2020\/\"},\"author\":{\"name\":\"St\u00e9phane Marcireau\",\"@id\":\"https:\/\/www.philodefi.fr\/#\/schema\/person\/a5660db38cf3f8ceaf475ea1e749624e\"},\"headline\":\"Animation Philod\u00e9fi \u00e0 La Rochelle &#8211; samedi 25 janvier 2020\",\"datePublished\":\"2019-11-17T12:28:10+00:00\",\"dateModified\":\"2019-11-17T12:28:10+00:00\",\"mainEntityOfPage\":{\"@id\":\"https:\/\/www.philodefi.fr\/index.php\/2019\/11\/17\/animation-philodefi-a-la-rochelle-samedi-25-janvier-2020\/\"},\"wordCount\":45,\"publisher\":{\"@id\":\"https:\/\/www.philodefi.fr\/#organization\"},\"image\":{\"@id\":\"https:\/\/www.philodefi.fr\/index.php\/2019\/11\/17\/animation-philodefi-a-la-rochelle-samedi-25-janvier-2020\/#primaryimage\"},\"thumbnailUrl\":\"https:\/\/www.philodefi.fr\/wp-content\/uploads\/2019\/08\/20190829_Philodefi-Stephane-Marcireau-propose-dapprendre-philosophie-samusant-7_0_729_912.jpg\",\"articleSection\":[\"Ev\u00e9nements\"],\"inLanguage\":\"fr-FR\"},{\"@type\":\"WebPage\",\"@id\":\"https:\/\/www.philodefi.fr\/index.php\/2019\/11\/17\/animation-philodefi-a-la-rochelle-samedi-25-janvier-2020\/\",\"url\":\"https:\/\/www.philodefi.fr\/index.php\/2019\/11\/17\/animation-philodefi-a-la-rochelle-samedi-25-janvier-2020\/\",\"name\":\"Animation Philod\u00e9fi \u00e0 La Rochelle - samedi 25 janvier 2020 - Philod\u00e9fi\",\"isPartOf\":{\"@id\":\"https:\/\/www.philodefi.fr\/#website\"},\"primaryImageOfPage\":{\"@id\":\"https:\/\/www.philodefi.fr\/index.php\/2019\/11\/17\/animation-philodefi-a-la-rochelle-samedi-25-janvier-2020\/#primaryimage\"},\"image\":{\"@id\":\"https:\/\/www.philodefi.fr\/index.php\/2019\/11\/17\/animation-philodefi-a-la-rochelle-samedi-25-janvier-2020\/#primaryimage\"},\"thumbnailUrl\":\"https:\/\/www.philodefi.fr\/wp-content\/uploads\/2019\/08\/20190829_Philodefi-Stephane-Marcireau-propose-dapprendre-philosophie-samusant-7_0_729_912.jpg\",\"datePublished\":\"2019-11-17T12:28:10+00:00\",\"dateModified\":\"2019-11-17T12:28:10+00:00\",\"breadcrumb\":{\"@id\":\"https:\/\/www.philodefi.fr\/index.php\/2019\/11\/17\/animation-philodefi-a-la-rochelle-samedi-25-janvier-2020\/#breadcrumb\"},\"inLanguage\":\"fr-FR\",\"potentialAction\":[{\"@type\":\"ReadAction\",\"target\":[\"https:\/\/www.philodefi.fr\/index.php\/2019\/11\/17\/animation-philodefi-a-la-rochelle-samedi-25-janvier-2020\/\"]}]},{\"@type\":\"ImageObject\",\"inLanguage\":\"fr-FR\",\"@id\":\"https:\/\/www.philodefi.fr\/index.php\/2019\/11\/17\/animation-philodefi-a-la-rochelle-samedi-25-janvier-2020\/#primaryimage\",\"url\":\"https:\/\/www.philodefi.fr\/wp-content\/uploads\/2019\/08\/20190829_Philodefi-Stephane-Marcireau-propose-dapprendre-philosophie-samusant-7_0_729_912.jpg\",\"contentUrl\":\"https:\/\/www.philodefi.fr\/wp-content\/uploads\/2019\/08\/20190829_Philodefi-Stephane-Marcireau-propose-dapprendre-philosophie-samusant-7_0_729_912.jpg\",\"width\":729,\"height\":912,\"caption\":\"St\u00e9phane Marcireau, professeur de philosophie, photographi\u00e9 dans son lyc\u00e9e, L\u2019Union Chr\u00e9tienne, \u00e0 Poitiers (Vienne) le 9 juillet 2019. Il a cr\u00e9e \u00ab Philod\u00e9fi \u00bb jeux de cartes pour apprendre la philosophie en s\u2019amusant. Photos Claude Pauquet pour La Croix.\"},{\"@type\":\"BreadcrumbList\",\"@id\":\"https:\/\/www.philodefi.fr\/index.php\/2019\/11\/17\/animation-philodefi-a-la-rochelle-samedi-25-janvier-2020\/#breadcrumb\",\"itemListElement\":[{\"@type\":\"ListItem\",\"position\":1,\"name\":\"Accueil\",\"item\":\"https:\/\/www.philodefi.fr\/\"},{\"@type\":\"ListItem\",\"position\":2,\"name\":\"Animation Philod\u00e9fi \u00e0 La Rochelle &#8211; samedi 25 janvier 2020\"}]},{\"@type\":\"WebSite\",\"@id\":\"https:\/\/www.philodefi.fr\/#website\",\"url\":\"https:\/\/www.philodefi.fr\/\",\"name\":\"Philod\u00e9fi\",\"description\":\"Le jeu pour apprendre la philosophie autrement\",\"publisher\":{\"@id\":\"https:\/\/www.philodefi.fr\/#organization\"},\"potentialAction\":[{\"@type\":\"SearchAction\",\"target\":{\"@type\":\"EntryPoint\",\"urlTemplate\":\"https:\/\/www.philodefi.fr\/?s={search_term_string}\"},\"query-input\":{\"@type\":\"PropertyValueSpecification\",\"valueRequired\":true,\"valueName\":\"search_term_string\"}}],\"inLanguage\":\"fr-FR\"},{\"@type\":\"Organization\",\"@id\":\"https:\/\/www.philodefi.fr\/#organization\",\"name\":\"Philod\u00e9fi\",\"url\":\"https:\/\/www.philodefi.fr\/\",\"logo\":{\"@type\":\"ImageObject\",\"inLanguage\":\"fr-FR\",\"@id\":\"https:\/\/www.philodefi.fr\/#\/schema\/logo\/image\/\",\"url\":\"https:\/\/www.philodefi.fr\/wp-content\/uploads\/2018\/10\/logo_philodefi-1.png\",\"contentUrl\":\"https:\/\/www.philodefi.fr\/wp-content\/uploads\/2018\/10\/logo_philodefi-1.png\",\"width\":678,\"height\":222,\"caption\":\"Philod\u00e9fi\"},\"image\":{\"@id\":\"https:\/\/www.philodefi.fr\/#\/schema\/logo\/image\/\"},\"sameAs\":[\"https:\/\/fr-fr.facebook.com\/Philodefi\/\",\"https:\/\/www.youtube.com\/channel\/UC_3N0HKscicsk2AIa0fP-tg\"]},{\"@type\":\"Person\",\"@id\":\"https:\/\/www.philodefi.fr\/#\/schema\/person\/a5660db38cf3f8ceaf475ea1e749624e\",\"name\":\"St\u00e9phane Marcireau\",\"image\":{\"@type\":\"ImageObject\",\"inLanguage\":\"fr-FR\",\"@id\":\"https:\/\/www.philodefi.fr\/#\/schema\/person\/image\/\",\"url\":\"https:\/\/secure.gravatar.com\/avatar\/1c12a5187a5aeb9cf66510c3956ca67e?s=96&d=mm&r=g\",\"contentUrl\":\"https:\/\/secure.gravatar.com\/avatar\/1c12a5187a5aeb9cf66510c3956ca67e?s=96&d=mm&r=g\",\"caption\":\"St\u00e9phane Marcireau\"},\"sameAs\":[\"https:\/\/www.philodefi.fr\"],\"url\":\"https:\/\/www.philodefi.fr\/index.php\/author\/stephane\/\"}]}<\/script>\n<!-- \/ Yoast SEO plugin. -->","yoast_head_json":{"title":"Animation Philod\u00e9fi \u00e0 La Rochelle - samedi 25 janvier 2020 - Philod\u00e9fi","robots":{"index":"index","follow":"follow","max-snippet":"max-snippet:-1","max-image-preview":"max-image-preview:large","max-video-preview":"max-video-preview:-1"},"canonical":"https:\/\/www.philodefi.fr\/index.php\/2019\/11\/17\/animation-philodefi-a-la-rochelle-samedi-25-janvier-2020\/","og_locale":"fr_FR","og_type":"article","og_title":"Animation Philod\u00e9fi \u00e0 La Rochelle - samedi 25 janvier 2020 - Philod\u00e9fi","og_description":"J&rsquo;aurai le plaisir d&rsquo;animer une pr\u00e9sentation de Philod\u00e9fi \u00e0 La Rochelle le samedi 25 janvier 2020, avec le soutien de Cultura Puilboreau : Rendez-vous au magasin Cultura 5 rue de Belgique \u00e0 Puilboreau (17138) ! A bient\u00f4t, St\u00e9phane Marcireau","og_url":"https:\/\/www.philodefi.fr\/index.php\/2019\/11\/17\/animation-philodefi-a-la-rochelle-samedi-25-janvier-2020\/","og_site_name":"Philod\u00e9fi","article_publisher":"https:\/\/fr-fr.facebook.com\/Philodefi\/","article_published_time":"2019-11-17T12:28:10+00:00","og_image":[{"width":729,"height":912,"url":"https:\/\/www.philodefi.fr\/wp-content\/uploads\/2019\/08\/20190829_Philodefi-Stephane-Marcireau-propose-dapprendre-philosophie-samusant-7_0_729_912.jpg","type":"image\/jpeg"}],"author":"St\u00e9phane Marcireau","twitter_card":"summary_large_image","twitter_misc":{"\u00c9crit par":"St\u00e9phane Marcireau"},"schema":{"@context":"https:\/\/schema.org","@graph":[{"@type":"Article","@id":"https:\/\/www.philodefi.fr\/index.php\/2019\/11\/17\/animation-philodefi-a-la-rochelle-samedi-25-janvier-2020\/#article","isPartOf":{"@id":"https:\/\/www.philodefi.fr\/index.php\/2019\/11\/17\/animation-philodefi-a-la-rochelle-samedi-25-janvier-2020\/"},"author":{"name":"St\u00e9phane Marcireau","@id":"https:\/\/www.philodefi.fr\/#\/schema\/person\/a5660db38cf3f8ceaf475ea1e749624e"},"headline":"Animation Philod\u00e9fi \u00e0 La Rochelle &#8211; samedi 25 janvier 2020","datePublished":"2019-11-17T12:28:10+00:00","dateModified":"2019-11-17T12:28:10+00:00","mainEntityOfPage":{"@id":"https:\/\/www.philodefi.fr\/index.php\/2019\/11\/17\/animation-philodefi-a-la-rochelle-samedi-25-janvier-2020\/"},"wordCount":45,"publisher":{"@id":"https:\/\/www.philodefi.fr\/#organization"},"image":{"@id":"https:\/\/www.philodefi.fr\/index.php\/2019\/11\/17\/animation-philodefi-a-la-rochelle-samedi-25-janvier-2020\/#primaryimage"},"thumbnailUrl":"https:\/\/www.philodefi.fr\/wp-content\/uploads\/2019\/08\/20190829_Philodefi-Stephane-Marcireau-propose-dapprendre-philosophie-samusant-7_0_729_912.jpg","articleSection":["Ev\u00e9nements"],"inLanguage":"fr-FR"},{"@type":"WebPage","@id":"https:\/\/www.philodefi.fr\/index.php\/2019\/11\/17\/animation-philodefi-a-la-rochelle-samedi-25-janvier-2020\/","url":"https:\/\/www.philodefi.fr\/index.php\/2019\/11\/17\/animation-philodefi-a-la-rochelle-samedi-25-janvier-2020\/","name":"Animation Philod\u00e9fi \u00e0 La Rochelle - samedi 25 janvier 2020 - Philod\u00e9fi","isPartOf":{"@id":"https:\/\/www.philodefi.fr\/#website"},"primaryImageOfPage":{"@id":"https:\/\/www.philodefi.fr\/index.php\/2019\/11\/17\/animation-philodefi-a-la-rochelle-samedi-25-janvier-2020\/#primaryimage"},"image":{"@id":"https:\/\/www.philodefi.fr\/index.php\/2019\/11\/17\/animation-philodefi-a-la-rochelle-samedi-25-janvier-2020\/#primaryimage"},"thumbnailUrl":"https:\/\/www.philodefi.fr\/wp-content\/uploads\/2019\/08\/20190829_Philodefi-Stephane-Marcireau-propose-dapprendre-philosophie-samusant-7_0_729_912.jpg","datePublished":"2019-11-17T12:28:10+00:00","dateModified":"2019-11-17T12:28:10+00:00","breadcrumb":{"@id":"https:\/\/www.philodefi.fr\/index.php\/2019\/11\/17\/animation-philodefi-a-la-rochelle-samedi-25-janvier-2020\/#breadcrumb"},"inLanguage":"fr-FR","potentialAction":[{"@type":"ReadAction","target":["https:\/\/www.philodefi.fr\/index.php\/2019\/11\/17\/animation-philodefi-a-la-rochelle-samedi-25-janvier-2020\/"]}]},{"@type":"ImageObject","inLanguage":"fr-FR","@id":"https:\/\/www.philodefi.fr\/index.php\/2019\/11\/17\/animation-philodefi-a-la-rochelle-samedi-25-janvier-2020\/#primaryimage","url":"https:\/\/www.philodefi.fr\/wp-content\/uploads\/2019\/08\/20190829_Philodefi-Stephane-Marcireau-propose-dapprendre-philosophie-samusant-7_0_729_912.jpg","contentUrl":"https:\/\/www.philodefi.fr\/wp-content\/uploads\/2019\/08\/20190829_Philodefi-Stephane-Marcireau-propose-dapprendre-philosophie-samusant-7_0_729_912.jpg","width":729,"height":912,"caption":"St\u00e9phane Marcireau, professeur de philosophie, photographi\u00e9 dans son lyc\u00e9e, L\u2019Union Chr\u00e9tienne, \u00e0 Poitiers (Vienne) le 9 juillet 2019. Il a cr\u00e9e \u00ab Philod\u00e9fi \u00bb jeux de cartes pour apprendre la philosophie en s\u2019amusant. Photos Claude Pauquet pour La Croix."},{"@type":"BreadcrumbList","@id":"https:\/\/www.philodefi.fr\/index.php\/2019\/11\/17\/animation-philodefi-a-la-rochelle-samedi-25-janvier-2020\/#breadcrumb","itemListElement":[{"@type":"ListItem","position":1,"name":"Accueil","item":"https:\/\/www.philodefi.fr\/"},{"@type":"ListItem","position":2,"name":"Animation Philod\u00e9fi \u00e0 La Rochelle &#8211; samedi 25 janvier 2020"}]},{"@type":"WebSite","@id":"https:\/\/www.philodefi.fr\/#website","url":"https:\/\/www.philodefi.fr\/","name":"Philod\u00e9fi","description":"Le jeu pour apprendre la philosophie autrement","publisher":{"@id":"https:\/\/www.philodefi.fr\/#organization"},"potentialAction":[{"@type":"SearchAction","target":{"@type":"EntryPoint","urlTemplate":"https:\/\/www.philodefi.fr\/?s={search_term_string}"},"query-input":{"@type":"PropertyValueSpecification","valueRequired":true,"valueName":"search_term_string"}}],"inLanguage":"fr-FR"},{"@type":"Organization","@id":"https:\/\/www.philodefi.fr\/#organization","name":"Philod\u00e9fi","url":"https:\/\/www.philodefi.fr\/","logo":{"@type":"ImageObject","inLanguage":"fr-FR","@id":"https:\/\/www.philodefi.fr\/#\/schema\/logo\/image\/","url":"https:\/\/www.philodefi.fr\/wp-content\/uploads\/2018\/10\/logo_philodefi-1.png","contentUrl":"https:\/\/www.philodefi.fr\/wp-content\/uploads\/2018\/10\/logo_philodefi-1.png","width":678,"height":222,"caption":"Philod\u00e9fi"},"image":{"@id":"https:\/\/www.philodefi.fr\/#\/schema\/logo\/image\/"},"sameAs":["https:\/\/fr-fr.facebook.com\/Philodefi\/","https:\/\/www.youtube.com\/channel\/UC_3N0HKscicsk2AIa0fP-tg"]},{"@type":"Person","@id":"https:\/\/www.philodefi.fr\/#\/schema\/person\/a5660db38cf3f8ceaf475ea1e749624e","name":"St\u00e9phane Marcireau","image":{"@type":"ImageObject","inLanguage":"fr-FR","@id":"https:\/\/www.philodefi.fr\/#\/schema\/person\/image\/","url":"https:\/\/secure.gravatar.com\/avatar\/1c12a5187a5aeb9cf66510c3956ca67e?s=96&d=mm&r=g","contentUrl":"https:\/\/secure.gravatar.com\/avatar\/1c12a5187a5aeb9cf66510c3956ca67e?s=96&d=mm&r=g","caption":"St\u00e9phane Marcireau"},"sameAs":["https:\/\/www.philodefi.fr"],"url":"https:\/\/www.philodefi.fr\/index.php\/author\/stephane\/"}]}},"jetpack_featured_media_url":"https:\/\/www.philodefi.fr\/wp-content\/uploads\/2019\/08\/20190829_Philodefi-Stephane-Marcireau-propose-dapprendre-philosophie-samusant-7_0_729_912.jpg","jetpack_sharing_enabled":true,"jetpack_shortlink":"https:\/\/wp.me\/pavdZ1-Rg","_links":{"self":[{"href":"https:\/\/www.philodefi.fr\/index.php\/wp-json\/wp\/v2\/posts\/3302","targetHints":{"allow":["GET"]}}],"collection":[{"href":"https:\/\/www.philodefi.fr\/index.php\/wp-json\/wp\/v2\/posts"}],"about":[{"href":"https:\/\/www.philodefi.fr\/index.php\/wp-json\/wp\/v2\/types\/post"}],"author":[{"embeddable":true,"href":"https:\/\/www.philodefi.fr\/index.php\/wp-json\/wp\/v2\/users\/2"}],"replies":[{"embeddable":true,"href":"https:\/\/www.philodefi.fr\/index.php\/wp-json\/wp\/v2\/comments?post=3302"}],"version-history":[{"count":0,"href":"https:\/\/www.philodefi.fr\/index.php\/wp-json\/wp\/v2\/posts\/3302\/revisions"}],"wp:featuredmedia":[{"embeddable":true,"href":"https:\/\/www.philodefi.fr\/index.php\/wp-json\/wp\/v2\/media\/2919"}],"wp:attachment":[{"href":"https:\/\/www.philodefi.fr\/index.php\/wp-json\/wp\/v2\/media?parent=3302"}],"wp:term":[{"taxonomy":"category","embeddable":true,"href":"https:\/\/www.philodefi.fr\/index.php\/wp-json\/wp\/v2\/categories?post=3302"},{"taxonomy":"post_tag","embeddable":true,"href":"https:\/\/www.philodefi.fr\/index.php\/wp-json\/wp\/v2\/tags?post=3302"}],"curies":[{"name":"wp","href":"https:\/\/api.w.org\/{rel}","templated":true}]}}