{"id":20243,"date":"2025-10-21T14:01:34","date_gmt":"2025-10-21T12:01:34","guid":{"rendered":"https:\/\/www.philodefi.fr\/?p=20243"},"modified":"2025-10-21T14:02:34","modified_gmt":"2025-10-21T12:02:34","slug":"rencontres-philosophiques-de-langres-2025","status":"publish","type":"post","link":"https:\/\/www.philodefi.fr\/index.php\/2025\/10\/21\/rencontres-philosophiques-de-langres-2025\/","title":{"rendered":"Rencontres Philosophiques de Langres 2025"},"content":{"rendered":"<div class=\"xdj266r x14z9mp xat24cr x1lziwak x1vvkbs x126k92a\">\n<div dir=\"auto\">Autour des rencontres philosophiques de Langres . 15 \u00e9dition ce week-end sur le th\u00e8me de la violence.<\/p>\n<\/div>\n<\/div>\n<div class=\"x14z9mp xat24cr x1lziwak x1vvkbs xtlvy1s x126k92a\">\n<div dir=\"auto\">Philod\u00e9fi y est pr\u00e9sent pour la 5\u00e8me ann\u00e9e cons\u00e9cutive \u00e0 travers un stand pour pr\u00e9senter le jeu philod\u00e9fi philosophie, et annoncer Philod\u00e9fi Lettres en cours de r\u00e9alisation.<\/p>\n<p>C&rsquo;est aussi l&rsquo;occasion de participer \u00e0 diff\u00e9rentes animations, des promenades philosophiques mais aussi une table ronde au cours de laquelle St\u00e9phane Marcireau a pu \u00e9changer avec des coll\u00e8gues philosophes sur le th\u00e8me de la violence. Il a pris appui sur la pens\u00e9e de Ren\u00e9 Girard l&rsquo;auteur sur lequel il a fait sa th\u00e8se de doctorat de philosophie.<\/p><\/div>\n<\/div>\n<div class=\"x14z9mp xat24cr x1lziwak x1vvkbs xtlvy1s x126k92a\">\n<div dir=\"auto\">Deux jours de rencontres, d&rsquo;\u00e9changes philosophiques et humains tr\u00e8s riches et stimulants au pays de Diderot qui souhaitait \u00a0\u00bb rendre la philosophie populaire\u00a0\u00bb.<\/p>\n<\/div>\n<\/div>\n<div dir=\"auto\"><img loading=\"lazy\" decoding=\"async\" src=\"https:\/\/www.philodefi.fr\/wp-content\/uploads\/2025\/10\/langres_2025_01-1024x671.jpg\" alt=\"\" width=\"750\" height=\"491\" class=\"alignnone size-large wp-image-20244\" srcset=\"https:\/\/www.philodefi.fr\/wp-content\/uploads\/2025\/10\/langres_2025_01-1024x671.jpg 1024w, https:\/\/www.philodefi.fr\/wp-content\/uploads\/2025\/10\/langres_2025_01-300x196.jpg 300w, https:\/\/www.philodefi.fr\/wp-content\/uploads\/2025\/10\/langres_2025_01-768x503.jpg 768w, https:\/\/www.philodefi.fr\/wp-content\/uploads\/2025\/10\/langres_2025_01-1536x1006.jpg 1536w, https:\/\/www.philodefi.fr\/wp-content\/uploads\/2025\/10\/langres_2025_01-600x393.jpg 600w, https:\/\/www.philodefi.fr\/wp-content\/uploads\/2025\/10\/langres_2025_01.jpg 2048w\" sizes=\"auto, (max-width: 750px) 100vw, 750px\" \/> <img loading=\"lazy\" decoding=\"async\" src=\"https:\/\/www.philodefi.fr\/wp-content\/uploads\/2025\/10\/langres_2025_02.jpg\" alt=\"\" width=\"2048\" height=\"1536\" class=\"alignnone size-full wp-image-20245\" srcset=\"https:\/\/www.philodefi.fr\/wp-content\/uploads\/2025\/10\/langres_2025_02.jpg 2048w, https:\/\/www.philodefi.fr\/wp-content\/uploads\/2025\/10\/langres_2025_02-300x225.jpg 300w, https:\/\/www.philodefi.fr\/wp-content\/uploads\/2025\/10\/langres_2025_02-1024x768.jpg 1024w, https:\/\/www.philodefi.fr\/wp-content\/uploads\/2025\/10\/langres_2025_02-768x576.jpg 768w, https:\/\/www.philodefi.fr\/wp-content\/uploads\/2025\/10\/langres_2025_02-1536x1152.jpg 1536w, https:\/\/www.philodefi.fr\/wp-content\/uploads\/2025\/10\/langres_2025_02-600x450.jpg 600w\" sizes=\"auto, (max-width: 2048px) 100vw, 2048px\" \/> <img loading=\"lazy\" decoding=\"async\" src=\"https:\/\/www.philodefi.fr\/wp-content\/uploads\/2025\/10\/langres_2025_03.jpg\" alt=\"\" width=\"1200\" height=\"1054\" class=\"alignnone size-full wp-image-20246\" srcset=\"https:\/\/www.philodefi.fr\/wp-content\/uploads\/2025\/10\/langres_2025_03.jpg 1200w, https:\/\/www.philodefi.fr\/wp-content\/uploads\/2025\/10\/langres_2025_03-300x264.jpg 300w, https:\/\/www.philodefi.fr\/wp-content\/uploads\/2025\/10\/langres_2025_03-1024x899.jpg 1024w, https:\/\/www.philodefi.fr\/wp-content\/uploads\/2025\/10\/langres_2025_03-768x675.jpg 768w, https:\/\/www.philodefi.fr\/wp-content\/uploads\/2025\/10\/langres_2025_03-600x527.jpg 600w\" sizes=\"auto, (max-width: 1200px) 100vw, 1200px\" \/> <img loading=\"lazy\" decoding=\"async\" src=\"https:\/\/www.philodefi.fr\/wp-content\/uploads\/2025\/10\/langres_2025_04.jpg\" alt=\"\" width=\"924\" height=\"1386\" class=\"alignnone size-full wp-image-20247\" srcset=\"https:\/\/www.philodefi.fr\/wp-content\/uploads\/2025\/10\/langres_2025_04.jpg 924w, https:\/\/www.philodefi.fr\/wp-content\/uploads\/2025\/10\/langres_2025_04-200x300.jpg 200w, https:\/\/www.philodefi.fr\/wp-content\/uploads\/2025\/10\/langres_2025_04-683x1024.jpg 683w, https:\/\/www.philodefi.fr\/wp-content\/uploads\/2025\/10\/langres_2025_04-768x1152.jpg 768w, https:\/\/www.philodefi.fr\/wp-content\/uploads\/2025\/10\/langres_2025_04-600x900.jpg 600w\" sizes=\"auto, (max-width: 924px) 100vw, 924px\" \/> <img loading=\"lazy\" decoding=\"async\" src=\"https:\/\/www.philodefi.fr\/wp-content\/uploads\/2025\/10\/langres_2025_05.jpg\" alt=\"\" width=\"1438\" height=\"2048\" class=\"alignnone size-full wp-image-20248\" srcset=\"https:\/\/www.philodefi.fr\/wp-content\/uploads\/2025\/10\/langres_2025_05.jpg 1438w, https:\/\/www.philodefi.fr\/wp-content\/uploads\/2025\/10\/langres_2025_05-211x300.jpg 211w, https:\/\/www.philodefi.fr\/wp-content\/uploads\/2025\/10\/langres_2025_05-719x1024.jpg 719w, https:\/\/www.philodefi.fr\/wp-content\/uploads\/2025\/10\/langres_2025_05-768x1094.jpg 768w, https:\/\/www.philodefi.fr\/wp-content\/uploads\/2025\/10\/langres_2025_05-1079x1536.jpg 1079w, https:\/\/www.philodefi.fr\/wp-content\/uploads\/2025\/10\/langres_2025_05-600x855.jpg 600w\" sizes=\"auto, (max-width: 1438px) 100vw, 1438px\" \/> <img loading=\"lazy\" decoding=\"async\" src=\"https:\/\/www.philodefi.fr\/wp-content\/uploads\/2025\/10\/langres_2025_08.jpg\" alt=\"\" width=\"1915\" height=\"1663\" class=\"alignnone size-full wp-image-20249\" srcset=\"https:\/\/www.philodefi.fr\/wp-content\/uploads\/2025\/10\/langres_2025_08.jpg 1915w, https:\/\/www.philodefi.fr\/wp-content\/uploads\/2025\/10\/langres_2025_08-300x261.jpg 300w, https:\/\/www.philodefi.fr\/wp-content\/uploads\/2025\/10\/langres_2025_08-1024x889.jpg 1024w, https:\/\/www.philodefi.fr\/wp-content\/uploads\/2025\/10\/langres_2025_08-768x667.jpg 768w, https:\/\/www.philodefi.fr\/wp-content\/uploads\/2025\/10\/langres_2025_08-1536x1334.jpg 1536w, https:\/\/www.philodefi.fr\/wp-content\/uploads\/2025\/10\/langres_2025_08-600x521.jpg 600w\" sizes=\"auto, (max-width: 1915px) 100vw, 1915px\" \/><\/div>\n","protected":false},"excerpt":{"rendered":"<p>Autour des rencontres philosophiques de Langres . 15 \u00e9dition ce week-end sur le th\u00e8me de la violence. Philod\u00e9fi y est pr\u00e9sent pour la 5\u00e8me ann\u00e9e cons\u00e9cutive \u00e0 travers un stand pour pr\u00e9senter le jeu philod\u00e9fi philosophie, et annoncer Philod\u00e9fi Lettres en cours de r\u00e9alisation. C&rsquo;est aussi l&rsquo;occasion de participer \u00e0 [&hellip;]<\/p>\n","protected":false},"author":1,"featured_media":20245,"comment_status":"closed","ping_status":"open","sticky":false,"template":"","format":"standard","meta":{"jetpack_post_was_ever_published":false,"_jetpack_newsletter_access":"","_jetpack_dont_email_post_to_subs":false,"_jetpack_newsletter_tier_id":0,"_jetpack_memberships_contains_paywalled_content":false,"_jetpack_memberships_contains_paid_content":false,"footnotes":"","jetpack_publicize_message":"","jetpack_publicize_feature_enabled":true,"jetpack_social_post_already_shared":true,"jetpack_social_options":{"image_generator_settings":{"template":"highway","enabled":false},"version":2}},"categories":[6],"tags":[],"class_list":["post-20243","post","type-post","status-publish","format-standard","has-post-thumbnail","hentry","category-evenements"],"jetpack_publicize_connections":[],"yoast_head":"<!-- This site is optimized with the Yoast SEO plugin v24.0 - https:\/\/yoast.com\/wordpress\/plugins\/seo\/ -->\n<title>Rencontres Philosophiques de Langres 2025 - Philod\u00e9fi<\/title>\n<meta name=\"robots\" content=\"index, follow, max-snippet:-1, max-image-preview:large, max-video-preview:-1\" \/>\n<link rel=\"canonical\" href=\"https:\/\/www.philodefi.fr\/index.php\/2025\/10\/21\/rencontres-philosophiques-de-langres-2025\/\" \/>\n<meta property=\"og:locale\" content=\"fr_FR\" \/>\n<meta property=\"og:type\" content=\"article\" \/>\n<meta property=\"og:title\" content=\"Rencontres Philosophiques de Langres 2025 - Philod\u00e9fi\" \/>\n<meta property=\"og:description\" content=\"Autour des rencontres philosophiques de Langres . 15 \u00e9dition ce week-end sur le th\u00e8me de la violence. Philod\u00e9fi y est pr\u00e9sent pour la 5\u00e8me ann\u00e9e cons\u00e9cutive \u00e0 travers un stand pour pr\u00e9senter le jeu philod\u00e9fi philosophie, et annoncer Philod\u00e9fi Lettres en cours de r\u00e9alisation. C&rsquo;est aussi l&rsquo;occasion de participer \u00e0 [&hellip;]\" \/>\n<meta property=\"og:url\" content=\"https:\/\/www.philodefi.fr\/index.php\/2025\/10\/21\/rencontres-philosophiques-de-langres-2025\/\" \/>\n<meta property=\"og:site_name\" content=\"Philod\u00e9fi\" \/>\n<meta property=\"article:publisher\" content=\"https:\/\/fr-fr.facebook.com\/Philodefi\/\" \/>\n<meta property=\"article:published_time\" content=\"2025-10-21T12:01:34+00:00\" \/>\n<meta property=\"article:modified_time\" content=\"2025-10-21T12:02:34+00:00\" \/>\n<meta property=\"og:image\" content=\"https:\/\/www.philodefi.fr\/wp-content\/uploads\/2025\/10\/langres_2025_02.jpg\" \/>\n\t<meta property=\"og:image:width\" content=\"2048\" \/>\n\t<meta property=\"og:image:height\" content=\"1536\" \/>\n\t<meta property=\"og:image:type\" content=\"image\/jpeg\" \/>\n<meta name=\"author\" content=\"admin9632\" \/>\n<meta name=\"twitter:card\" content=\"summary_large_image\" \/>\n<meta name=\"twitter:label1\" content=\"\u00c9crit par\" \/>\n\t<meta name=\"twitter:data1\" content=\"admin9632\" \/>\n\t<meta name=\"twitter:label2\" content=\"Dur\u00e9e de lecture estim\u00e9e\" \/>\n\t<meta name=\"twitter:data2\" content=\"3 minutes\" \/>\n<script type=\"application\/ld+json\" class=\"yoast-schema-graph\">{\"@context\":\"https:\/\/schema.org\",\"@graph\":[{\"@type\":\"Article\",\"@id\":\"https:\/\/www.philodefi.fr\/index.php\/2025\/10\/21\/rencontres-philosophiques-de-langres-2025\/#article\",\"isPartOf\":{\"@id\":\"https:\/\/www.philodefi.fr\/index.php\/2025\/10\/21\/rencontres-philosophiques-de-langres-2025\/\"},\"author\":{\"name\":\"admin9632\",\"@id\":\"https:\/\/www.philodefi.fr\/#\/schema\/person\/2f32d08ee78c71302d24340e0de4a755\"},\"headline\":\"Rencontres Philosophiques de Langres 2025\",\"datePublished\":\"2025-10-21T12:01:34+00:00\",\"dateModified\":\"2025-10-21T12:02:34+00:00\",\"mainEntityOfPage\":{\"@id\":\"https:\/\/www.philodefi.fr\/index.php\/2025\/10\/21\/rencontres-philosophiques-de-langres-2025\/\"},\"wordCount\":143,\"publisher\":{\"@id\":\"https:\/\/www.philodefi.fr\/#organization\"},\"image\":{\"@id\":\"https:\/\/www.philodefi.fr\/index.php\/2025\/10\/21\/rencontres-philosophiques-de-langres-2025\/#primaryimage\"},\"thumbnailUrl\":\"https:\/\/www.philodefi.fr\/wp-content\/uploads\/2025\/10\/langres_2025_02.jpg\",\"articleSection\":[\"Ev\u00e9nements\"],\"inLanguage\":\"fr-FR\"},{\"@type\":\"WebPage\",\"@id\":\"https:\/\/www.philodefi.fr\/index.php\/2025\/10\/21\/rencontres-philosophiques-de-langres-2025\/\",\"url\":\"https:\/\/www.philodefi.fr\/index.php\/2025\/10\/21\/rencontres-philosophiques-de-langres-2025\/\",\"name\":\"Rencontres Philosophiques de Langres 2025 - Philod\u00e9fi\",\"isPartOf\":{\"@id\":\"https:\/\/www.philodefi.fr\/#website\"},\"primaryImageOfPage\":{\"@id\":\"https:\/\/www.philodefi.fr\/index.php\/2025\/10\/21\/rencontres-philosophiques-de-langres-2025\/#primaryimage\"},\"image\":{\"@id\":\"https:\/\/www.philodefi.fr\/index.php\/2025\/10\/21\/rencontres-philosophiques-de-langres-2025\/#primaryimage\"},\"thumbnailUrl\":\"https:\/\/www.philodefi.fr\/wp-content\/uploads\/2025\/10\/langres_2025_02.jpg\",\"datePublished\":\"2025-10-21T12:01:34+00:00\",\"dateModified\":\"2025-10-21T12:02:34+00:00\",\"breadcrumb\":{\"@id\":\"https:\/\/www.philodefi.fr\/index.php\/2025\/10\/21\/rencontres-philosophiques-de-langres-2025\/#breadcrumb\"},\"inLanguage\":\"fr-FR\",\"potentialAction\":[{\"@type\":\"ReadAction\",\"target\":[\"https:\/\/www.philodefi.fr\/index.php\/2025\/10\/21\/rencontres-philosophiques-de-langres-2025\/\"]}]},{\"@type\":\"ImageObject\",\"inLanguage\":\"fr-FR\",\"@id\":\"https:\/\/www.philodefi.fr\/index.php\/2025\/10\/21\/rencontres-philosophiques-de-langres-2025\/#primaryimage\",\"url\":\"https:\/\/www.philodefi.fr\/wp-content\/uploads\/2025\/10\/langres_2025_02.jpg\",\"contentUrl\":\"https:\/\/www.philodefi.fr\/wp-content\/uploads\/2025\/10\/langres_2025_02.jpg\",\"width\":2048,\"height\":1536},{\"@type\":\"BreadcrumbList\",\"@id\":\"https:\/\/www.philodefi.fr\/index.php\/2025\/10\/21\/rencontres-philosophiques-de-langres-2025\/#breadcrumb\",\"itemListElement\":[{\"@type\":\"ListItem\",\"position\":1,\"name\":\"Accueil\",\"item\":\"https:\/\/www.philodefi.fr\/\"},{\"@type\":\"ListItem\",\"position\":2,\"name\":\"Rencontres Philosophiques de Langres 2025\"}]},{\"@type\":\"WebSite\",\"@id\":\"https:\/\/www.philodefi.fr\/#website\",\"url\":\"https:\/\/www.philodefi.fr\/\",\"name\":\"Philod\u00e9fi\",\"description\":\"Le jeu pour apprendre la philosophie autrement\",\"publisher\":{\"@id\":\"https:\/\/www.philodefi.fr\/#organization\"},\"potentialAction\":[{\"@type\":\"SearchAction\",\"target\":{\"@type\":\"EntryPoint\",\"urlTemplate\":\"https:\/\/www.philodefi.fr\/?s={search_term_string}\"},\"query-input\":{\"@type\":\"PropertyValueSpecification\",\"valueRequired\":true,\"valueName\":\"search_term_string\"}}],\"inLanguage\":\"fr-FR\"},{\"@type\":\"Organization\",\"@id\":\"https:\/\/www.philodefi.fr\/#organization\",\"name\":\"Philod\u00e9fi\",\"url\":\"https:\/\/www.philodefi.fr\/\",\"logo\":{\"@type\":\"ImageObject\",\"inLanguage\":\"fr-FR\",\"@id\":\"https:\/\/www.philodefi.fr\/#\/schema\/logo\/image\/\",\"url\":\"https:\/\/www.philodefi.fr\/wp-content\/uploads\/2018\/10\/logo_philodefi-1.png\",\"contentUrl\":\"https:\/\/www.philodefi.fr\/wp-content\/uploads\/2018\/10\/logo_philodefi-1.png\",\"width\":678,\"height\":222,\"caption\":\"Philod\u00e9fi\"},\"image\":{\"@id\":\"https:\/\/www.philodefi.fr\/#\/schema\/logo\/image\/\"},\"sameAs\":[\"https:\/\/fr-fr.facebook.com\/Philodefi\/\",\"https:\/\/www.youtube.com\/channel\/UC_3N0HKscicsk2AIa0fP-tg\"]},{\"@type\":\"Person\",\"@id\":\"https:\/\/www.philodefi.fr\/#\/schema\/person\/2f32d08ee78c71302d24340e0de4a755\",\"name\":\"admin9632\",\"image\":{\"@type\":\"ImageObject\",\"inLanguage\":\"fr-FR\",\"@id\":\"https:\/\/www.philodefi.fr\/#\/schema\/person\/image\/\",\"url\":\"https:\/\/secure.gravatar.com\/avatar\/602f38438ad764ef023cc49e438a5e7a?s=96&d=mm&r=g\",\"contentUrl\":\"https:\/\/secure.gravatar.com\/avatar\/602f38438ad764ef023cc49e438a5e7a?s=96&d=mm&r=g\",\"caption\":\"admin9632\"},\"url\":\"https:\/\/www.philodefi.fr\/index.php\/author\/admin9632\/\"}]}<\/script>\n<!-- \/ Yoast SEO plugin. -->","yoast_head_json":{"title":"Rencontres Philosophiques de Langres 2025 - Philod\u00e9fi","robots":{"index":"index","follow":"follow","max-snippet":"max-snippet:-1","max-image-preview":"max-image-preview:large","max-video-preview":"max-video-preview:-1"},"canonical":"https:\/\/www.philodefi.fr\/index.php\/2025\/10\/21\/rencontres-philosophiques-de-langres-2025\/","og_locale":"fr_FR","og_type":"article","og_title":"Rencontres Philosophiques de Langres 2025 - Philod\u00e9fi","og_description":"Autour des rencontres philosophiques de Langres . 15 \u00e9dition ce week-end sur le th\u00e8me de la violence. Philod\u00e9fi y est pr\u00e9sent pour la 5\u00e8me ann\u00e9e cons\u00e9cutive \u00e0 travers un stand pour pr\u00e9senter le jeu philod\u00e9fi philosophie, et annoncer Philod\u00e9fi Lettres en cours de r\u00e9alisation. C&rsquo;est aussi l&rsquo;occasion de participer \u00e0 [&hellip;]","og_url":"https:\/\/www.philodefi.fr\/index.php\/2025\/10\/21\/rencontres-philosophiques-de-langres-2025\/","og_site_name":"Philod\u00e9fi","article_publisher":"https:\/\/fr-fr.facebook.com\/Philodefi\/","article_published_time":"2025-10-21T12:01:34+00:00","article_modified_time":"2025-10-21T12:02:34+00:00","og_image":[{"width":2048,"height":1536,"url":"https:\/\/www.philodefi.fr\/wp-content\/uploads\/2025\/10\/langres_2025_02.jpg","type":"image\/jpeg"}],"author":"admin9632","twitter_card":"summary_large_image","twitter_misc":{"\u00c9crit par":"admin9632","Dur\u00e9e de lecture estim\u00e9e":"3 minutes"},"schema":{"@context":"https:\/\/schema.org","@graph":[{"@type":"Article","@id":"https:\/\/www.philodefi.fr\/index.php\/2025\/10\/21\/rencontres-philosophiques-de-langres-2025\/#article","isPartOf":{"@id":"https:\/\/www.philodefi.fr\/index.php\/2025\/10\/21\/rencontres-philosophiques-de-langres-2025\/"},"author":{"name":"admin9632","@id":"https:\/\/www.philodefi.fr\/#\/schema\/person\/2f32d08ee78c71302d24340e0de4a755"},"headline":"Rencontres Philosophiques de Langres 2025","datePublished":"2025-10-21T12:01:34+00:00","dateModified":"2025-10-21T12:02:34+00:00","mainEntityOfPage":{"@id":"https:\/\/www.philodefi.fr\/index.php\/2025\/10\/21\/rencontres-philosophiques-de-langres-2025\/"},"wordCount":143,"publisher":{"@id":"https:\/\/www.philodefi.fr\/#organization"},"image":{"@id":"https:\/\/www.philodefi.fr\/index.php\/2025\/10\/21\/rencontres-philosophiques-de-langres-2025\/#primaryimage"},"thumbnailUrl":"https:\/\/www.philodefi.fr\/wp-content\/uploads\/2025\/10\/langres_2025_02.jpg","articleSection":["Ev\u00e9nements"],"inLanguage":"fr-FR"},{"@type":"WebPage","@id":"https:\/\/www.philodefi.fr\/index.php\/2025\/10\/21\/rencontres-philosophiques-de-langres-2025\/","url":"https:\/\/www.philodefi.fr\/index.php\/2025\/10\/21\/rencontres-philosophiques-de-langres-2025\/","name":"Rencontres Philosophiques de Langres 2025 - Philod\u00e9fi","isPartOf":{"@id":"https:\/\/www.philodefi.fr\/#website"},"primaryImageOfPage":{"@id":"https:\/\/www.philodefi.fr\/index.php\/2025\/10\/21\/rencontres-philosophiques-de-langres-2025\/#primaryimage"},"image":{"@id":"https:\/\/www.philodefi.fr\/index.php\/2025\/10\/21\/rencontres-philosophiques-de-langres-2025\/#primaryimage"},"thumbnailUrl":"https:\/\/www.philodefi.fr\/wp-content\/uploads\/2025\/10\/langres_2025_02.jpg","datePublished":"2025-10-21T12:01:34+00:00","dateModified":"2025-10-21T12:02:34+00:00","breadcrumb":{"@id":"https:\/\/www.philodefi.fr\/index.php\/2025\/10\/21\/rencontres-philosophiques-de-langres-2025\/#breadcrumb"},"inLanguage":"fr-FR","potentialAction":[{"@type":"ReadAction","target":["https:\/\/www.philodefi.fr\/index.php\/2025\/10\/21\/rencontres-philosophiques-de-langres-2025\/"]}]},{"@type":"ImageObject","inLanguage":"fr-FR","@id":"https:\/\/www.philodefi.fr\/index.php\/2025\/10\/21\/rencontres-philosophiques-de-langres-2025\/#primaryimage","url":"https:\/\/www.philodefi.fr\/wp-content\/uploads\/2025\/10\/langres_2025_02.jpg","contentUrl":"https:\/\/www.philodefi.fr\/wp-content\/uploads\/2025\/10\/langres_2025_02.jpg","width":2048,"height":1536},{"@type":"BreadcrumbList","@id":"https:\/\/www.philodefi.fr\/index.php\/2025\/10\/21\/rencontres-philosophiques-de-langres-2025\/#breadcrumb","itemListElement":[{"@type":"ListItem","position":1,"name":"Accueil","item":"https:\/\/www.philodefi.fr\/"},{"@type":"ListItem","position":2,"name":"Rencontres Philosophiques de Langres 2025"}]},{"@type":"WebSite","@id":"https:\/\/www.philodefi.fr\/#website","url":"https:\/\/www.philodefi.fr\/","name":"Philod\u00e9fi","description":"Le jeu pour apprendre la philosophie autrement","publisher":{"@id":"https:\/\/www.philodefi.fr\/#organization"},"potentialAction":[{"@type":"SearchAction","target":{"@type":"EntryPoint","urlTemplate":"https:\/\/www.philodefi.fr\/?s={search_term_string}"},"query-input":{"@type":"PropertyValueSpecification","valueRequired":true,"valueName":"search_term_string"}}],"inLanguage":"fr-FR"},{"@type":"Organization","@id":"https:\/\/www.philodefi.fr\/#organization","name":"Philod\u00e9fi","url":"https:\/\/www.philodefi.fr\/","logo":{"@type":"ImageObject","inLanguage":"fr-FR","@id":"https:\/\/www.philodefi.fr\/#\/schema\/logo\/image\/","url":"https:\/\/www.philodefi.fr\/wp-content\/uploads\/2018\/10\/logo_philodefi-1.png","contentUrl":"https:\/\/www.philodefi.fr\/wp-content\/uploads\/2018\/10\/logo_philodefi-1.png","width":678,"height":222,"caption":"Philod\u00e9fi"},"image":{"@id":"https:\/\/www.philodefi.fr\/#\/schema\/logo\/image\/"},"sameAs":["https:\/\/fr-fr.facebook.com\/Philodefi\/","https:\/\/www.youtube.com\/channel\/UC_3N0HKscicsk2AIa0fP-tg"]},{"@type":"Person","@id":"https:\/\/www.philodefi.fr\/#\/schema\/person\/2f32d08ee78c71302d24340e0de4a755","name":"admin9632","image":{"@type":"ImageObject","inLanguage":"fr-FR","@id":"https:\/\/www.philodefi.fr\/#\/schema\/person\/image\/","url":"https:\/\/secure.gravatar.com\/avatar\/602f38438ad764ef023cc49e438a5e7a?s=96&d=mm&r=g","contentUrl":"https:\/\/secure.gravatar.com\/avatar\/602f38438ad764ef023cc49e438a5e7a?s=96&d=mm&r=g","caption":"admin9632"},"url":"https:\/\/www.philodefi.fr\/index.php\/author\/admin9632\/"}]}},"jetpack_featured_media_url":"https:\/\/www.philodefi.fr\/wp-content\/uploads\/2025\/10\/langres_2025_02.jpg","jetpack_sharing_enabled":true,"jetpack_shortlink":"https:\/\/wp.me\/pavdZ1-5gv","_links":{"self":[{"href":"https:\/\/www.philodefi.fr\/index.php\/wp-json\/wp\/v2\/posts\/20243","targetHints":{"allow":["GET"]}}],"collection":[{"href":"https:\/\/www.philodefi.fr\/index.php\/wp-json\/wp\/v2\/posts"}],"about":[{"href":"https:\/\/www.philodefi.fr\/index.php\/wp-json\/wp\/v2\/types\/post"}],"author":[{"embeddable":true,"href":"https:\/\/www.philodefi.fr\/index.php\/wp-json\/wp\/v2\/users\/1"}],"replies":[{"embeddable":true,"href":"https:\/\/www.philodefi.fr\/index.php\/wp-json\/wp\/v2\/comments?post=20243"}],"version-history":[{"count":3,"href":"https:\/\/www.philodefi.fr\/index.php\/wp-json\/wp\/v2\/posts\/20243\/revisions"}],"predecessor-version":[{"id":20252,"href":"https:\/\/www.philodefi.fr\/index.php\/wp-json\/wp\/v2\/posts\/20243\/revisions\/20252"}],"wp:featuredmedia":[{"embeddable":true,"href":"https:\/\/www.philodefi.fr\/index.php\/wp-json\/wp\/v2\/media\/20245"}],"wp:attachment":[{"href":"https:\/\/www.philodefi.fr\/index.php\/wp-json\/wp\/v2\/media?parent=20243"}],"wp:term":[{"taxonomy":"category","embeddable":true,"href":"https:\/\/www.philodefi.fr\/index.php\/wp-json\/wp\/v2\/categories?post=20243"},{"taxonomy":"post_tag","embeddable":true,"href":"https:\/\/www.philodefi.fr\/index.php\/wp-json\/wp\/v2\/tags?post=20243"}],"curies":[{"name":"wp","href":"https:\/\/api.w.org\/{rel}","templated":true}]}}