{"id":19995,"date":"2025-07-07T17:15:36","date_gmt":"2025-07-07T15:15:36","guid":{"rendered":"https:\/\/www.philodefi.fr\/?p=19995"},"modified":"2025-09-03T17:22:03","modified_gmt":"2025-09-03T15:22:03","slug":"philodefi-lettres-au-congres-mondial-de-la-fipf-federation-internationale-des-professeurs-de-francais","status":"publish","type":"post","link":"https:\/\/www.philodefi.fr\/index.php\/2025\/07\/07\/philodefi-lettres-au-congres-mondial-de-la-fipf-federation-internationale-des-professeurs-de-francais\/","title":{"rendered":"Philod\u00e9fi-Lettres\u00a0 au Congr\u00e8s Mondial de la FIPF (F\u00e9d\u00e9ration Internationale des Professeurs de Fran\u00e7ais)"},"content":{"rendered":"<p><span style=\"color: #222222;\"><span style=\"font-family: Arial, sans-serif;\"><span style=\"font-size: medium;\"><span>Du 7 au 17 juillet 2025 \u00e0 Besan\u00e7on\u00a0 a eu lieu la rencontre mondiale des professeur(e)s de fran\u00e7ais.<\/span><\/span><\/span><\/span><\/p>\n<p><img loading=\"lazy\" decoding=\"async\" src=\"https:\/\/www.philodefi.fr\/wp-content\/uploads\/2025\/09\/besancon_1-300x225.jpg\" alt=\"\" width=\"300\" height=\"225\" class=\"alignnone wp-image-19996 size-medium\" srcset=\"https:\/\/www.philodefi.fr\/wp-content\/uploads\/2025\/09\/besancon_1-300x225.jpg 300w, https:\/\/www.philodefi.fr\/wp-content\/uploads\/2025\/09\/besancon_1-768x576.jpg 768w, https:\/\/www.philodefi.fr\/wp-content\/uploads\/2025\/09\/besancon_1-600x450.jpg 600w, https:\/\/www.philodefi.fr\/wp-content\/uploads\/2025\/09\/besancon_1.jpg 800w\" sizes=\"auto, (max-width: 300px) 100vw, 300px\" \/><\/p>\n<p><span style=\"color: #222222;\"><span style=\"font-family: Arial, sans-serif;\"><span style=\"font-size: medium;\">Nous \u00e9tions 1250 professeur(e)s venu(e)s du monde entier avec comme points communs\u00a0: l&rsquo;amour de la litt\u00e9rature, de la langue fran\u00e7aise et de la p\u00e9dagogie.\u00a0<\/span><\/span><\/span><span style=\"color: #222222;\"><span style=\"font-family: Arial, sans-serif;\"><span style=\"font-size: medium;\">Nous avons v\u00e9cu 10 jours de rencontres, de partages p\u00e9dagogiques mais aussi de fraternit\u00e9 et d&rsquo;amiti\u00e9.<\/span><\/span><\/span><\/p>\n<p><img loading=\"lazy\" decoding=\"async\" src=\"https:\/\/www.philodefi.fr\/wp-content\/uploads\/2025\/09\/besancon_2-300x169.jpg\" alt=\"\" width=\"300\" height=\"169\" class=\"alignnone size-medium wp-image-19997\" srcset=\"https:\/\/www.philodefi.fr\/wp-content\/uploads\/2025\/09\/besancon_2-300x169.jpg 300w, https:\/\/www.philodefi.fr\/wp-content\/uploads\/2025\/09\/besancon_2-768x432.jpg 768w, https:\/\/www.philodefi.fr\/wp-content\/uploads\/2025\/09\/besancon_2-600x338.jpg 600w, https:\/\/www.philodefi.fr\/wp-content\/uploads\/2025\/09\/besancon_2.jpg 800w\" sizes=\"auto, (max-width: 300px) 100vw, 300px\" \/><\/p>\n<p><span style=\"color: #222222;\"><span style=\"font-family: Arial, sans-serif;\"><span style=\"font-size: medium;\">Philod\u00e9fi-Lettres \u00e9tait pr\u00e9sent \u00e0 cette rencontre internationale \u00e0 travers le tract que tous les participants ont eu dans leur dossier<\/span><\/span><\/span><span style=\"color: #222222;\"><span style=\"font-family: Arial, sans-serif;\"><span style=\"font-size: medium;\"><span> <\/span><\/span><\/span><\/span><span style=\"color: #222222;\"><span style=\"font-family: Arial, sans-serif;\"><span style=\"font-size: medium;\">mais aussi gr\u00e2ce \u00e0 ma pr\u00e9sence sur place en tant que professeure de fran\u00e7ais, co-cr\u00e9atrice de Philod\u00e9fi-Lettres.<\/span><\/span><\/span><\/p>\n<p><img loading=\"lazy\" decoding=\"async\" src=\"https:\/\/www.philodefi.fr\/wp-content\/uploads\/2025\/09\/besancon_3-225x300.jpg\" alt=\"\" width=\"225\" height=\"300\" class=\"alignnone size-medium wp-image-19998\" srcset=\"https:\/\/www.philodefi.fr\/wp-content\/uploads\/2025\/09\/besancon_3-225x300.jpg 225w, https:\/\/www.philodefi.fr\/wp-content\/uploads\/2025\/09\/besancon_3.jpg 600w\" sizes=\"auto, (max-width: 225px) 100vw, 225px\" \/><\/p>\n<p><span style=\"color: #222222;\"><span style=\"font-family: Arial, sans-serif;\"><span style=\"font-size: medium;\">Au cours de la semaine, <\/span><\/span><\/span><span style=\"color: #222222;\"><span style=\"font-family: Arial, sans-serif;\"><span style=\"font-size: medium;\">lors d\u2019un atelier, <\/span><\/span><\/span><span style=\"color: #222222;\"><span style=\"font-family: Arial, sans-serif;\"><span style=\"font-size: medium;\">j\u2019ai eu la possibilit\u00e9 de pr\u00e9senter la d\u00e9marche p\u00e9dagogique de Philod\u00e9fi-Lettres\u00a0 et de faire tester \u00e0 des petits groupes de coll\u00e8gues les cartes de Hom\u00e8re, Chr\u00e9tien de Troyes, Rabelais, Ronsard et Voltaire<\/span><\/span><\/span><span style=\"color: #222222;\"><span style=\"font-family: Arial, sans-serif;\"><span style=\"font-size: medium;\">.<\/span><\/span><\/span><\/p>\n<p><img loading=\"lazy\" decoding=\"async\" src=\"https:\/\/www.philodefi.fr\/wp-content\/uploads\/2025\/09\/besancon_4-225x300.jpg\" alt=\"\" width=\"225\" height=\"300\" class=\"alignnone size-medium wp-image-19999\" srcset=\"https:\/\/www.philodefi.fr\/wp-content\/uploads\/2025\/09\/besancon_4-225x300.jpg 225w, https:\/\/www.philodefi.fr\/wp-content\/uploads\/2025\/09\/besancon_4.jpg 600w\" sizes=\"auto, (max-width: 225px) 100vw, 225px\" \/><\/p>\n<p><span style=\"color: #222222;\"><span style=\"font-family: Arial, sans-serif;\"><span style=\"font-size: medium;\">Au gr\u00e9 des rencontres, j&rsquo;ai eu l\u2019occasion de pr\u00e9senter Philod\u00e9fi-Lettres de fa\u00e7on individuelle et d\u2019\u00e9changer avec des personnalit\u00e9s comme Philippe Meirieu<\/span><\/span><\/span><span style=\"color: #222222;\"><span style=\"font-family: Arial, sans-serif;\"><span style=\"font-size: medium;\">.<\/span><\/span><\/span><\/p>\n<p><img loading=\"lazy\" decoding=\"async\" src=\"https:\/\/www.philodefi.fr\/wp-content\/uploads\/2025\/09\/besancon_5-300x259.jpg\" alt=\"\" width=\"300\" height=\"259\" class=\"alignnone size-medium wp-image-20000\" srcset=\"https:\/\/www.philodefi.fr\/wp-content\/uploads\/2025\/09\/besancon_5-300x259.jpg 300w, https:\/\/www.philodefi.fr\/wp-content\/uploads\/2025\/09\/besancon_5-768x663.jpg 768w, https:\/\/www.philodefi.fr\/wp-content\/uploads\/2025\/09\/besancon_5-600x518.jpg 600w, https:\/\/www.philodefi.fr\/wp-content\/uploads\/2025\/09\/besancon_5.jpg 800w\" sizes=\"auto, (max-width: 300px) 100vw, 300px\" \/><\/p>\n<p><span style=\"color: #222222;\"><span style=\"font-family: Arial, sans-serif;\"><span style=\"font-size: medium;\">L\u2019int\u00e9r\u00eat r\u00e9el que mes coll\u00e8gues ont manifest\u00e9 pour <\/span><\/span><\/span><span style=\"color: #222222;\"><span style=\"font-family: Arial, sans-serif;\"><span style=\"font-size: medium;\">les cartes auteurs et pour la d\u00e9marche de Philod\u00e9fi-Lettres<\/span><\/span><\/span><span style=\"color: #222222;\"><span style=\"font-family: Arial, sans-serif;\"><span style=\"font-size: medium;\"> me confirme <\/span><\/span><\/span><span style=\"color: #222222;\"><span style=\"font-family: Arial, sans-serif;\"><span style=\"font-size: medium;\">l<\/span><\/span><\/span><span style=\"color: #222222;\"><span style=\"font-family: Arial, sans-serif;\"><span style=\"font-size: medium;\">a <\/span><\/span><\/span><span style=\"color: #222222;\"><span style=\"font-family: Arial, sans-serif;\"><span style=\"font-size: medium;\">pertinence de <\/span><\/span><\/span><span style=\"color: #222222;\"><span style=\"font-family: Arial, sans-serif;\"><span style=\"font-size: medium;\">ce projet <\/span><\/span><\/span><span style=\"color: #222222;\"><span style=\"font-family: Arial, sans-serif;\"><span style=\"font-size: medium;\">p\u00e9dagogique <\/span><\/span><\/span><span style=\"color: #222222;\"><span style=\"font-family: Arial, sans-serif;\"><span style=\"font-size: medium;\"> <\/span><\/span><\/span><span style=\"color: #222222;\"><span style=\"font-family: Arial, sans-serif;\"><span style=\"font-size: medium;\">innovant<\/span><\/span><\/span><span style=\"color: #222222;\"><span style=\"font-family: Arial, sans-serif;\"><span style=\"font-size: medium;\">. En effet, pour enseigner aujourd\u2019hui, nous avons besoin d\u2019outils ludiques et modernes, motivants, efficaces et originaux. Il s\u2019agit, avec Philod\u00e9fi-Lettres, de faire d\u00e9couvrir la litt\u00e9rature autrement mais aussi de permettre aux \u00e9l\u00e8ves de retenir facilement l\u2019essentiel de l\u2019\u0153uvre d\u2019un auteur<\/span><\/span><\/span><span style=\"color: #222222;\"><span style=\"font-family: Arial, sans-serif;\"><span style=\"font-size: medium;\">. <\/span><\/span><\/span><\/p>\n<p><span style=\"color: #222222;\"><span style=\"font-family: Arial, sans-serif;\"><span style=\"font-size: medium;\">B\u00e9n\u00e9dicte Marcireau\u00a0<\/span><\/span><\/span><\/p>\n<p><span style=\"color: #222222;\"><span style=\"font-family: Arial, sans-serif;\"><span style=\"font-size: medium;\">Co-cr\u00e9atrice de Philod\u00e9fi-Lettres <\/span><\/span><\/span><\/p>\n<p><img loading=\"lazy\" decoding=\"async\" src=\"https:\/\/www.philodefi.fr\/wp-content\/uploads\/2025\/09\/besancon_6.jpg\" alt=\"\" width=\"453\" height=\"630\" class=\"alignnone size-full wp-image-20001\" srcset=\"https:\/\/www.philodefi.fr\/wp-content\/uploads\/2025\/09\/besancon_6.jpg 453w, https:\/\/www.philodefi.fr\/wp-content\/uploads\/2025\/09\/besancon_6-216x300.jpg 216w\" sizes=\"auto, (max-width: 453px) 100vw, 453px\" \/><\/p>\n","protected":false},"excerpt":{"rendered":"<p>Du 7 au 17 juillet 2025 \u00e0 Besan\u00e7on\u00a0 a eu lieu la rencontre mondiale des professeur(e)s de fran\u00e7ais. Nous \u00e9tions 1250 professeur(e)s venu(e)s du monde entier avec comme points communs\u00a0: l&rsquo;amour de la litt\u00e9rature, de la langue fran\u00e7aise et de la p\u00e9dagogie.\u00a0Nous avons v\u00e9cu 10 jours de rencontres, de partages [&hellip;]<\/p>\n","protected":false},"author":2,"featured_media":19996,"comment_status":"closed","ping_status":"open","sticky":false,"template":"","format":"standard","meta":{"jetpack_post_was_ever_published":false,"_jetpack_newsletter_access":"","_jetpack_dont_email_post_to_subs":false,"_jetpack_newsletter_tier_id":0,"_jetpack_memberships_contains_paywalled_content":false,"_jetpack_memberships_contains_paid_content":false,"footnotes":"","jetpack_publicize_message":"","jetpack_publicize_feature_enabled":true,"jetpack_social_post_already_shared":true,"jetpack_social_options":{"image_generator_settings":{"template":"highway","enabled":false},"version":2}},"categories":[6],"tags":[],"class_list":["post-19995","post","type-post","status-publish","format-standard","has-post-thumbnail","hentry","category-evenements"],"jetpack_publicize_connections":[],"yoast_head":"<!-- This site is optimized with the Yoast SEO plugin v24.0 - https:\/\/yoast.com\/wordpress\/plugins\/seo\/ -->\n<title>Philod\u00e9fi-Lettres\u00a0 au Congr\u00e8s Mondial de la FIPF (F\u00e9d\u00e9ration Internationale des Professeurs de Fran\u00e7ais) - Philod\u00e9fi<\/title>\n<meta name=\"robots\" content=\"index, follow, max-snippet:-1, max-image-preview:large, max-video-preview:-1\" \/>\n<link rel=\"canonical\" href=\"https:\/\/www.philodefi.fr\/index.php\/2025\/07\/07\/philodefi-lettres-au-congres-mondial-de-la-fipf-federation-internationale-des-professeurs-de-francais\/\" \/>\n<meta property=\"og:locale\" content=\"fr_FR\" \/>\n<meta property=\"og:type\" content=\"article\" \/>\n<meta property=\"og:title\" content=\"Philod\u00e9fi-Lettres\u00a0 au Congr\u00e8s Mondial de la FIPF (F\u00e9d\u00e9ration Internationale des Professeurs de Fran\u00e7ais) - Philod\u00e9fi\" \/>\n<meta property=\"og:description\" content=\"Du 7 au 17 juillet 2025 \u00e0 Besan\u00e7on\u00a0 a eu lieu la rencontre mondiale des professeur(e)s de fran\u00e7ais. Nous \u00e9tions 1250 professeur(e)s venu(e)s du monde entier avec comme points communs\u00a0: l&rsquo;amour de la litt\u00e9rature, de la langue fran\u00e7aise et de la p\u00e9dagogie.\u00a0Nous avons v\u00e9cu 10 jours de rencontres, de partages [&hellip;]\" \/>\n<meta property=\"og:url\" content=\"https:\/\/www.philodefi.fr\/index.php\/2025\/07\/07\/philodefi-lettres-au-congres-mondial-de-la-fipf-federation-internationale-des-professeurs-de-francais\/\" \/>\n<meta property=\"og:site_name\" content=\"Philod\u00e9fi\" \/>\n<meta property=\"article:publisher\" content=\"https:\/\/fr-fr.facebook.com\/Philodefi\/\" \/>\n<meta property=\"article:published_time\" content=\"2025-07-07T15:15:36+00:00\" \/>\n<meta property=\"article:modified_time\" content=\"2025-09-03T15:22:03+00:00\" \/>\n<meta property=\"og:image\" content=\"https:\/\/www.philodefi.fr\/wp-content\/uploads\/2025\/09\/besancon_1.jpg\" \/>\n\t<meta property=\"og:image:width\" content=\"800\" \/>\n\t<meta property=\"og:image:height\" content=\"600\" \/>\n\t<meta property=\"og:image:type\" content=\"image\/jpeg\" \/>\n<meta name=\"author\" content=\"St\u00e9phane Marcireau\" \/>\n<meta name=\"twitter:card\" content=\"summary_large_image\" \/>\n<meta name=\"twitter:label1\" content=\"\u00c9crit par\" \/>\n\t<meta name=\"twitter:data1\" content=\"St\u00e9phane Marcireau\" \/>\n\t<meta name=\"twitter:label2\" content=\"Dur\u00e9e de lecture estim\u00e9e\" \/>\n\t<meta name=\"twitter:data2\" content=\"3 minutes\" \/>\n<script type=\"application\/ld+json\" class=\"yoast-schema-graph\">{\"@context\":\"https:\/\/schema.org\",\"@graph\":[{\"@type\":\"Article\",\"@id\":\"https:\/\/www.philodefi.fr\/index.php\/2025\/07\/07\/philodefi-lettres-au-congres-mondial-de-la-fipf-federation-internationale-des-professeurs-de-francais\/#article\",\"isPartOf\":{\"@id\":\"https:\/\/www.philodefi.fr\/index.php\/2025\/07\/07\/philodefi-lettres-au-congres-mondial-de-la-fipf-federation-internationale-des-professeurs-de-francais\/\"},\"author\":{\"name\":\"St\u00e9phane Marcireau\",\"@id\":\"https:\/\/www.philodefi.fr\/#\/schema\/person\/a5660db38cf3f8ceaf475ea1e749624e\"},\"headline\":\"Philod\u00e9fi-Lettres\u00a0 au Congr\u00e8s Mondial de la FIPF (F\u00e9d\u00e9ration Internationale des Professeurs de Fran\u00e7ais)\",\"datePublished\":\"2025-07-07T15:15:36+00:00\",\"dateModified\":\"2025-09-03T15:22:03+00:00\",\"mainEntityOfPage\":{\"@id\":\"https:\/\/www.philodefi.fr\/index.php\/2025\/07\/07\/philodefi-lettres-au-congres-mondial-de-la-fipf-federation-internationale-des-professeurs-de-francais\/\"},\"wordCount\":296,\"publisher\":{\"@id\":\"https:\/\/www.philodefi.fr\/#organization\"},\"image\":{\"@id\":\"https:\/\/www.philodefi.fr\/index.php\/2025\/07\/07\/philodefi-lettres-au-congres-mondial-de-la-fipf-federation-internationale-des-professeurs-de-francais\/#primaryimage\"},\"thumbnailUrl\":\"https:\/\/www.philodefi.fr\/wp-content\/uploads\/2025\/09\/besancon_1.jpg\",\"articleSection\":[\"Ev\u00e9nements\"],\"inLanguage\":\"fr-FR\"},{\"@type\":\"WebPage\",\"@id\":\"https:\/\/www.philodefi.fr\/index.php\/2025\/07\/07\/philodefi-lettres-au-congres-mondial-de-la-fipf-federation-internationale-des-professeurs-de-francais\/\",\"url\":\"https:\/\/www.philodefi.fr\/index.php\/2025\/07\/07\/philodefi-lettres-au-congres-mondial-de-la-fipf-federation-internationale-des-professeurs-de-francais\/\",\"name\":\"Philod\u00e9fi-Lettres\u00a0 au Congr\u00e8s Mondial de la FIPF (F\u00e9d\u00e9ration Internationale des Professeurs de Fran\u00e7ais) - Philod\u00e9fi\",\"isPartOf\":{\"@id\":\"https:\/\/www.philodefi.fr\/#website\"},\"primaryImageOfPage\":{\"@id\":\"https:\/\/www.philodefi.fr\/index.php\/2025\/07\/07\/philodefi-lettres-au-congres-mondial-de-la-fipf-federation-internationale-des-professeurs-de-francais\/#primaryimage\"},\"image\":{\"@id\":\"https:\/\/www.philodefi.fr\/index.php\/2025\/07\/07\/philodefi-lettres-au-congres-mondial-de-la-fipf-federation-internationale-des-professeurs-de-francais\/#primaryimage\"},\"thumbnailUrl\":\"https:\/\/www.philodefi.fr\/wp-content\/uploads\/2025\/09\/besancon_1.jpg\",\"datePublished\":\"2025-07-07T15:15:36+00:00\",\"dateModified\":\"2025-09-03T15:22:03+00:00\",\"breadcrumb\":{\"@id\":\"https:\/\/www.philodefi.fr\/index.php\/2025\/07\/07\/philodefi-lettres-au-congres-mondial-de-la-fipf-federation-internationale-des-professeurs-de-francais\/#breadcrumb\"},\"inLanguage\":\"fr-FR\",\"potentialAction\":[{\"@type\":\"ReadAction\",\"target\":[\"https:\/\/www.philodefi.fr\/index.php\/2025\/07\/07\/philodefi-lettres-au-congres-mondial-de-la-fipf-federation-internationale-des-professeurs-de-francais\/\"]}]},{\"@type\":\"ImageObject\",\"inLanguage\":\"fr-FR\",\"@id\":\"https:\/\/www.philodefi.fr\/index.php\/2025\/07\/07\/philodefi-lettres-au-congres-mondial-de-la-fipf-federation-internationale-des-professeurs-de-francais\/#primaryimage\",\"url\":\"https:\/\/www.philodefi.fr\/wp-content\/uploads\/2025\/09\/besancon_1.jpg\",\"contentUrl\":\"https:\/\/www.philodefi.fr\/wp-content\/uploads\/2025\/09\/besancon_1.jpg\",\"width\":800,\"height\":600},{\"@type\":\"BreadcrumbList\",\"@id\":\"https:\/\/www.philodefi.fr\/index.php\/2025\/07\/07\/philodefi-lettres-au-congres-mondial-de-la-fipf-federation-internationale-des-professeurs-de-francais\/#breadcrumb\",\"itemListElement\":[{\"@type\":\"ListItem\",\"position\":1,\"name\":\"Accueil\",\"item\":\"https:\/\/www.philodefi.fr\/\"},{\"@type\":\"ListItem\",\"position\":2,\"name\":\"Philod\u00e9fi-Lettres\u00a0 au Congr\u00e8s Mondial de la FIPF (F\u00e9d\u00e9ration Internationale des Professeurs de Fran\u00e7ais)\"}]},{\"@type\":\"WebSite\",\"@id\":\"https:\/\/www.philodefi.fr\/#website\",\"url\":\"https:\/\/www.philodefi.fr\/\",\"name\":\"Philod\u00e9fi\",\"description\":\"Le jeu pour apprendre la philosophie autrement\",\"publisher\":{\"@id\":\"https:\/\/www.philodefi.fr\/#organization\"},\"potentialAction\":[{\"@type\":\"SearchAction\",\"target\":{\"@type\":\"EntryPoint\",\"urlTemplate\":\"https:\/\/www.philodefi.fr\/?s={search_term_string}\"},\"query-input\":{\"@type\":\"PropertyValueSpecification\",\"valueRequired\":true,\"valueName\":\"search_term_string\"}}],\"inLanguage\":\"fr-FR\"},{\"@type\":\"Organization\",\"@id\":\"https:\/\/www.philodefi.fr\/#organization\",\"name\":\"Philod\u00e9fi\",\"url\":\"https:\/\/www.philodefi.fr\/\",\"logo\":{\"@type\":\"ImageObject\",\"inLanguage\":\"fr-FR\",\"@id\":\"https:\/\/www.philodefi.fr\/#\/schema\/logo\/image\/\",\"url\":\"https:\/\/www.philodefi.fr\/wp-content\/uploads\/2018\/10\/logo_philodefi-1.png\",\"contentUrl\":\"https:\/\/www.philodefi.fr\/wp-content\/uploads\/2018\/10\/logo_philodefi-1.png\",\"width\":678,\"height\":222,\"caption\":\"Philod\u00e9fi\"},\"image\":{\"@id\":\"https:\/\/www.philodefi.fr\/#\/schema\/logo\/image\/\"},\"sameAs\":[\"https:\/\/fr-fr.facebook.com\/Philodefi\/\",\"https:\/\/www.youtube.com\/channel\/UC_3N0HKscicsk2AIa0fP-tg\"]},{\"@type\":\"Person\",\"@id\":\"https:\/\/www.philodefi.fr\/#\/schema\/person\/a5660db38cf3f8ceaf475ea1e749624e\",\"name\":\"St\u00e9phane Marcireau\",\"image\":{\"@type\":\"ImageObject\",\"inLanguage\":\"fr-FR\",\"@id\":\"https:\/\/www.philodefi.fr\/#\/schema\/person\/image\/\",\"url\":\"https:\/\/secure.gravatar.com\/avatar\/1c12a5187a5aeb9cf66510c3956ca67e?s=96&d=mm&r=g\",\"contentUrl\":\"https:\/\/secure.gravatar.com\/avatar\/1c12a5187a5aeb9cf66510c3956ca67e?s=96&d=mm&r=g\",\"caption\":\"St\u00e9phane Marcireau\"},\"sameAs\":[\"https:\/\/www.philodefi.fr\"],\"url\":\"https:\/\/www.philodefi.fr\/index.php\/author\/stephane\/\"}]}<\/script>\n<!-- \/ Yoast SEO plugin. -->","yoast_head_json":{"title":"Philod\u00e9fi-Lettres\u00a0 au Congr\u00e8s Mondial de la FIPF (F\u00e9d\u00e9ration Internationale des Professeurs de Fran\u00e7ais) - Philod\u00e9fi","robots":{"index":"index","follow":"follow","max-snippet":"max-snippet:-1","max-image-preview":"max-image-preview:large","max-video-preview":"max-video-preview:-1"},"canonical":"https:\/\/www.philodefi.fr\/index.php\/2025\/07\/07\/philodefi-lettres-au-congres-mondial-de-la-fipf-federation-internationale-des-professeurs-de-francais\/","og_locale":"fr_FR","og_type":"article","og_title":"Philod\u00e9fi-Lettres\u00a0 au Congr\u00e8s Mondial de la FIPF (F\u00e9d\u00e9ration Internationale des Professeurs de Fran\u00e7ais) - Philod\u00e9fi","og_description":"Du 7 au 17 juillet 2025 \u00e0 Besan\u00e7on\u00a0 a eu lieu la rencontre mondiale des professeur(e)s de fran\u00e7ais. Nous \u00e9tions 1250 professeur(e)s venu(e)s du monde entier avec comme points communs\u00a0: l&rsquo;amour de la litt\u00e9rature, de la langue fran\u00e7aise et de la p\u00e9dagogie.\u00a0Nous avons v\u00e9cu 10 jours de rencontres, de partages [&hellip;]","og_url":"https:\/\/www.philodefi.fr\/index.php\/2025\/07\/07\/philodefi-lettres-au-congres-mondial-de-la-fipf-federation-internationale-des-professeurs-de-francais\/","og_site_name":"Philod\u00e9fi","article_publisher":"https:\/\/fr-fr.facebook.com\/Philodefi\/","article_published_time":"2025-07-07T15:15:36+00:00","article_modified_time":"2025-09-03T15:22:03+00:00","og_image":[{"width":800,"height":600,"url":"https:\/\/www.philodefi.fr\/wp-content\/uploads\/2025\/09\/besancon_1.jpg","type":"image\/jpeg"}],"author":"St\u00e9phane Marcireau","twitter_card":"summary_large_image","twitter_misc":{"\u00c9crit par":"St\u00e9phane Marcireau","Dur\u00e9e de lecture estim\u00e9e":"3 minutes"},"schema":{"@context":"https:\/\/schema.org","@graph":[{"@type":"Article","@id":"https:\/\/www.philodefi.fr\/index.php\/2025\/07\/07\/philodefi-lettres-au-congres-mondial-de-la-fipf-federation-internationale-des-professeurs-de-francais\/#article","isPartOf":{"@id":"https:\/\/www.philodefi.fr\/index.php\/2025\/07\/07\/philodefi-lettres-au-congres-mondial-de-la-fipf-federation-internationale-des-professeurs-de-francais\/"},"author":{"name":"St\u00e9phane Marcireau","@id":"https:\/\/www.philodefi.fr\/#\/schema\/person\/a5660db38cf3f8ceaf475ea1e749624e"},"headline":"Philod\u00e9fi-Lettres\u00a0 au Congr\u00e8s Mondial de la FIPF (F\u00e9d\u00e9ration Internationale des Professeurs de Fran\u00e7ais)","datePublished":"2025-07-07T15:15:36+00:00","dateModified":"2025-09-03T15:22:03+00:00","mainEntityOfPage":{"@id":"https:\/\/www.philodefi.fr\/index.php\/2025\/07\/07\/philodefi-lettres-au-congres-mondial-de-la-fipf-federation-internationale-des-professeurs-de-francais\/"},"wordCount":296,"publisher":{"@id":"https:\/\/www.philodefi.fr\/#organization"},"image":{"@id":"https:\/\/www.philodefi.fr\/index.php\/2025\/07\/07\/philodefi-lettres-au-congres-mondial-de-la-fipf-federation-internationale-des-professeurs-de-francais\/#primaryimage"},"thumbnailUrl":"https:\/\/www.philodefi.fr\/wp-content\/uploads\/2025\/09\/besancon_1.jpg","articleSection":["Ev\u00e9nements"],"inLanguage":"fr-FR"},{"@type":"WebPage","@id":"https:\/\/www.philodefi.fr\/index.php\/2025\/07\/07\/philodefi-lettres-au-congres-mondial-de-la-fipf-federation-internationale-des-professeurs-de-francais\/","url":"https:\/\/www.philodefi.fr\/index.php\/2025\/07\/07\/philodefi-lettres-au-congres-mondial-de-la-fipf-federation-internationale-des-professeurs-de-francais\/","name":"Philod\u00e9fi-Lettres\u00a0 au Congr\u00e8s Mondial de la FIPF (F\u00e9d\u00e9ration Internationale des Professeurs de Fran\u00e7ais) - Philod\u00e9fi","isPartOf":{"@id":"https:\/\/www.philodefi.fr\/#website"},"primaryImageOfPage":{"@id":"https:\/\/www.philodefi.fr\/index.php\/2025\/07\/07\/philodefi-lettres-au-congres-mondial-de-la-fipf-federation-internationale-des-professeurs-de-francais\/#primaryimage"},"image":{"@id":"https:\/\/www.philodefi.fr\/index.php\/2025\/07\/07\/philodefi-lettres-au-congres-mondial-de-la-fipf-federation-internationale-des-professeurs-de-francais\/#primaryimage"},"thumbnailUrl":"https:\/\/www.philodefi.fr\/wp-content\/uploads\/2025\/09\/besancon_1.jpg","datePublished":"2025-07-07T15:15:36+00:00","dateModified":"2025-09-03T15:22:03+00:00","breadcrumb":{"@id":"https:\/\/www.philodefi.fr\/index.php\/2025\/07\/07\/philodefi-lettres-au-congres-mondial-de-la-fipf-federation-internationale-des-professeurs-de-francais\/#breadcrumb"},"inLanguage":"fr-FR","potentialAction":[{"@type":"ReadAction","target":["https:\/\/www.philodefi.fr\/index.php\/2025\/07\/07\/philodefi-lettres-au-congres-mondial-de-la-fipf-federation-internationale-des-professeurs-de-francais\/"]}]},{"@type":"ImageObject","inLanguage":"fr-FR","@id":"https:\/\/www.philodefi.fr\/index.php\/2025\/07\/07\/philodefi-lettres-au-congres-mondial-de-la-fipf-federation-internationale-des-professeurs-de-francais\/#primaryimage","url":"https:\/\/www.philodefi.fr\/wp-content\/uploads\/2025\/09\/besancon_1.jpg","contentUrl":"https:\/\/www.philodefi.fr\/wp-content\/uploads\/2025\/09\/besancon_1.jpg","width":800,"height":600},{"@type":"BreadcrumbList","@id":"https:\/\/www.philodefi.fr\/index.php\/2025\/07\/07\/philodefi-lettres-au-congres-mondial-de-la-fipf-federation-internationale-des-professeurs-de-francais\/#breadcrumb","itemListElement":[{"@type":"ListItem","position":1,"name":"Accueil","item":"https:\/\/www.philodefi.fr\/"},{"@type":"ListItem","position":2,"name":"Philod\u00e9fi-Lettres\u00a0 au Congr\u00e8s Mondial de la FIPF (F\u00e9d\u00e9ration Internationale des Professeurs de Fran\u00e7ais)"}]},{"@type":"WebSite","@id":"https:\/\/www.philodefi.fr\/#website","url":"https:\/\/www.philodefi.fr\/","name":"Philod\u00e9fi","description":"Le jeu pour apprendre la philosophie autrement","publisher":{"@id":"https:\/\/www.philodefi.fr\/#organization"},"potentialAction":[{"@type":"SearchAction","target":{"@type":"EntryPoint","urlTemplate":"https:\/\/www.philodefi.fr\/?s={search_term_string}"},"query-input":{"@type":"PropertyValueSpecification","valueRequired":true,"valueName":"search_term_string"}}],"inLanguage":"fr-FR"},{"@type":"Organization","@id":"https:\/\/www.philodefi.fr\/#organization","name":"Philod\u00e9fi","url":"https:\/\/www.philodefi.fr\/","logo":{"@type":"ImageObject","inLanguage":"fr-FR","@id":"https:\/\/www.philodefi.fr\/#\/schema\/logo\/image\/","url":"https:\/\/www.philodefi.fr\/wp-content\/uploads\/2018\/10\/logo_philodefi-1.png","contentUrl":"https:\/\/www.philodefi.fr\/wp-content\/uploads\/2018\/10\/logo_philodefi-1.png","width":678,"height":222,"caption":"Philod\u00e9fi"},"image":{"@id":"https:\/\/www.philodefi.fr\/#\/schema\/logo\/image\/"},"sameAs":["https:\/\/fr-fr.facebook.com\/Philodefi\/","https:\/\/www.youtube.com\/channel\/UC_3N0HKscicsk2AIa0fP-tg"]},{"@type":"Person","@id":"https:\/\/www.philodefi.fr\/#\/schema\/person\/a5660db38cf3f8ceaf475ea1e749624e","name":"St\u00e9phane Marcireau","image":{"@type":"ImageObject","inLanguage":"fr-FR","@id":"https:\/\/www.philodefi.fr\/#\/schema\/person\/image\/","url":"https:\/\/secure.gravatar.com\/avatar\/1c12a5187a5aeb9cf66510c3956ca67e?s=96&d=mm&r=g","contentUrl":"https:\/\/secure.gravatar.com\/avatar\/1c12a5187a5aeb9cf66510c3956ca67e?s=96&d=mm&r=g","caption":"St\u00e9phane Marcireau"},"sameAs":["https:\/\/www.philodefi.fr"],"url":"https:\/\/www.philodefi.fr\/index.php\/author\/stephane\/"}]}},"jetpack_featured_media_url":"https:\/\/www.philodefi.fr\/wp-content\/uploads\/2025\/09\/besancon_1.jpg","jetpack_sharing_enabled":true,"jetpack_shortlink":"https:\/\/wp.me\/pavdZ1-5cv","_links":{"self":[{"href":"https:\/\/www.philodefi.fr\/index.php\/wp-json\/wp\/v2\/posts\/19995","targetHints":{"allow":["GET"]}}],"collection":[{"href":"https:\/\/www.philodefi.fr\/index.php\/wp-json\/wp\/v2\/posts"}],"about":[{"href":"https:\/\/www.philodefi.fr\/index.php\/wp-json\/wp\/v2\/types\/post"}],"author":[{"embeddable":true,"href":"https:\/\/www.philodefi.fr\/index.php\/wp-json\/wp\/v2\/users\/2"}],"replies":[{"embeddable":true,"href":"https:\/\/www.philodefi.fr\/index.php\/wp-json\/wp\/v2\/comments?post=19995"}],"version-history":[{"count":1,"href":"https:\/\/www.philodefi.fr\/index.php\/wp-json\/wp\/v2\/posts\/19995\/revisions"}],"predecessor-version":[{"id":20002,"href":"https:\/\/www.philodefi.fr\/index.php\/wp-json\/wp\/v2\/posts\/19995\/revisions\/20002"}],"wp:featuredmedia":[{"embeddable":true,"href":"https:\/\/www.philodefi.fr\/index.php\/wp-json\/wp\/v2\/media\/19996"}],"wp:attachment":[{"href":"https:\/\/www.philodefi.fr\/index.php\/wp-json\/wp\/v2\/media?parent=19995"}],"wp:term":[{"taxonomy":"category","embeddable":true,"href":"https:\/\/www.philodefi.fr\/index.php\/wp-json\/wp\/v2\/categories?post=19995"},{"taxonomy":"post_tag","embeddable":true,"href":"https:\/\/www.philodefi.fr\/index.php\/wp-json\/wp\/v2\/tags?post=19995"}],"curies":[{"name":"wp","href":"https:\/\/api.w.org\/{rel}","templated":true}]}}