{"id":17327,"date":"2024-09-28T12:28:30","date_gmt":"2024-09-28T10:28:30","guid":{"rendered":"https:\/\/www.philodefi.fr\/?p=17327"},"modified":"2024-09-30T09:14:28","modified_gmt":"2024-09-30T07:14:28","slug":"philodefi-aux-rencontres-philosophiques-de-langres-2024","status":"publish","type":"post","link":"https:\/\/www.philodefi.fr\/index.php\/2024\/09\/28\/philodefi-aux-rencontres-philosophiques-de-langres-2024\/","title":{"rendered":"Philod\u00e9fi aux Rencontres Philosophiques de Langres 2024 !"},"content":{"rendered":"<p>Nous avons le plaisir de participer aux Rencontres Philosophiques de Langres pour cette \u00e9dition 2024 !<\/p>\n<p>Rendez-vous pour les ateliers suivants :<\/p>\n<ul>\n<li>Le vendredi 4 octobre, ateliers philosophiques avec les enfants :\n<ul>\n<li>matin\u00e9e , \u00e0 l&rsquo;\u00e9cole du Sacr\u00e9 Coeur<\/li>\n<li>14h30 et 15h30 \u00e0 l&rsquo;\u00e9cole Jean-Duvet.<\/li>\n<\/ul>\n<\/li>\n<li>Le vendredi 4 octobre en journ\u00e9e \u00e0 la salle Jean-Favre pour le PNF<\/li>\n<li>Le samedi 5 octobre en matin\u00e9e \u00e0 la salle Jean-Favre pour le PNF<\/li>\n<li>Le samedi 5 octobre \u00e0 14h pour un flash philo consacr\u00e9 \u00e0 Diderot et Voltaire + texte de l&rsquo;animation virtuelle<\/li>\n<li>Le samedi 5 octobre \u00e0 16h30 pour un flash-philo sur Platon<\/li>\n<li>Le samedi 5 octobre \u00e0 17h pour une balade philo-patrimoine<\/li>\n<li>Le dimanche 6 octobre \u00e0 9h30 pour une balade philo-patrimoine<\/li>\n<li>Le dimanche 6 octobre \u00e0 14h pour un flash philo sur Nietzsche<\/li>\n<\/ul>\n<p>Toutes les informations et le programme complet sur le lien ci-dessous :<\/p>\n<p><a href=\"http:\/\/www.rencontres-philosophiques-langres.com\/\" target=\"_blank\" rel=\"noopener\">http:\/\/www.rencontres-philosophiques-langres.com\/<\/a><\/p>\n<p>Extrait du programme pour le samedi 5 octobre :<\/p>\n<p><img loading=\"lazy\" decoding=\"async\" src=\"https:\/\/www.philodefi.fr\/wp-content\/uploads\/2024\/09\/programme_langres2024_samedi5.png\" alt=\"\" width=\"705\" height=\"1015\" class=\"alignnone size-full wp-image-17336\" srcset=\"https:\/\/www.philodefi.fr\/wp-content\/uploads\/2024\/09\/programme_langres2024_samedi5.png 705w, https:\/\/www.philodefi.fr\/wp-content\/uploads\/2024\/09\/programme_langres2024_samedi5-208x300.png 208w, https:\/\/www.philodefi.fr\/wp-content\/uploads\/2024\/09\/programme_langres2024_samedi5-600x864.png 600w\" sizes=\"auto, (max-width: 705px) 100vw, 705px\" \/><\/p>\n","protected":false},"excerpt":{"rendered":"<p>Nous avons le plaisir de participer aux Rencontres Philosophiques de Langres pour cette \u00e9dition 2024 ! Rendez-vous pour les ateliers suivants : Le vendredi 4 octobre, ateliers philosophiques avec les enfants : matin\u00e9e , \u00e0 l&rsquo;\u00e9cole du Sacr\u00e9 Coeur 14h30 et 15h30 \u00e0 l&rsquo;\u00e9cole Jean-Duvet. Le vendredi 4 octobre en [&hellip;]<\/p>\n","protected":false},"author":2,"featured_media":17328,"comment_status":"closed","ping_status":"open","sticky":false,"template":"","format":"standard","meta":{"jetpack_post_was_ever_published":false,"_jetpack_newsletter_access":"","_jetpack_dont_email_post_to_subs":false,"_jetpack_newsletter_tier_id":0,"_jetpack_memberships_contains_paywalled_content":false,"_jetpack_memberships_contains_paid_content":false,"footnotes":"","jetpack_publicize_message":"","jetpack_publicize_feature_enabled":true,"jetpack_social_post_already_shared":true,"jetpack_social_options":{"image_generator_settings":{"template":"highway","enabled":false},"version":2}},"categories":[6],"tags":[],"class_list":["post-17327","post","type-post","status-publish","format-standard","has-post-thumbnail","hentry","category-evenements"],"jetpack_publicize_connections":[],"yoast_head":"<!-- This site is optimized with the Yoast SEO plugin v24.0 - https:\/\/yoast.com\/wordpress\/plugins\/seo\/ -->\n<title>Philod\u00e9fi aux Rencontres Philosophiques de Langres 2024 ! - Philod\u00e9fi<\/title>\n<meta name=\"robots\" content=\"index, follow, max-snippet:-1, max-image-preview:large, max-video-preview:-1\" \/>\n<link rel=\"canonical\" href=\"https:\/\/www.philodefi.fr\/index.php\/2024\/09\/28\/philodefi-aux-rencontres-philosophiques-de-langres-2024\/\" \/>\n<meta property=\"og:locale\" content=\"fr_FR\" \/>\n<meta property=\"og:type\" content=\"article\" \/>\n<meta property=\"og:title\" content=\"Philod\u00e9fi aux Rencontres Philosophiques de Langres 2024 ! - Philod\u00e9fi\" \/>\n<meta property=\"og:description\" content=\"Nous avons le plaisir de participer aux Rencontres Philosophiques de Langres pour cette \u00e9dition 2024 ! Rendez-vous pour les ateliers suivants : Le vendredi 4 octobre, ateliers philosophiques avec les enfants : matin\u00e9e , \u00e0 l&rsquo;\u00e9cole du Sacr\u00e9 Coeur 14h30 et 15h30 \u00e0 l&rsquo;\u00e9cole Jean-Duvet. Le vendredi 4 octobre en [&hellip;]\" \/>\n<meta property=\"og:url\" content=\"https:\/\/www.philodefi.fr\/index.php\/2024\/09\/28\/philodefi-aux-rencontres-philosophiques-de-langres-2024\/\" \/>\n<meta property=\"og:site_name\" content=\"Philod\u00e9fi\" \/>\n<meta property=\"article:publisher\" content=\"https:\/\/fr-fr.facebook.com\/Philodefi\/\" \/>\n<meta property=\"article:published_time\" content=\"2024-09-28T10:28:30+00:00\" \/>\n<meta property=\"article:modified_time\" content=\"2024-09-30T07:14:28+00:00\" \/>\n<meta property=\"og:image\" content=\"https:\/\/www.philodefi.fr\/wp-content\/uploads\/2024\/09\/affiche_rencontres_Langres_2024.jpg\" \/>\n\t<meta property=\"og:image:width\" content=\"502\" \/>\n\t<meta property=\"og:image:height\" content=\"710\" \/>\n\t<meta property=\"og:image:type\" content=\"image\/jpeg\" \/>\n<meta name=\"author\" content=\"St\u00e9phane Marcireau\" \/>\n<meta name=\"twitter:card\" content=\"summary_large_image\" \/>\n<meta name=\"twitter:label1\" content=\"\u00c9crit par\" \/>\n\t<meta name=\"twitter:data1\" content=\"St\u00e9phane Marcireau\" \/>\n\t<meta name=\"twitter:label2\" content=\"Dur\u00e9e de lecture estim\u00e9e\" \/>\n\t<meta name=\"twitter:data2\" content=\"1 minute\" \/>\n<script type=\"application\/ld+json\" class=\"yoast-schema-graph\">{\"@context\":\"https:\/\/schema.org\",\"@graph\":[{\"@type\":\"Article\",\"@id\":\"https:\/\/www.philodefi.fr\/index.php\/2024\/09\/28\/philodefi-aux-rencontres-philosophiques-de-langres-2024\/#article\",\"isPartOf\":{\"@id\":\"https:\/\/www.philodefi.fr\/index.php\/2024\/09\/28\/philodefi-aux-rencontres-philosophiques-de-langres-2024\/\"},\"author\":{\"name\":\"St\u00e9phane Marcireau\",\"@id\":\"https:\/\/www.philodefi.fr\/#\/schema\/person\/a5660db38cf3f8ceaf475ea1e749624e\"},\"headline\":\"Philod\u00e9fi aux Rencontres Philosophiques de Langres 2024 !\",\"datePublished\":\"2024-09-28T10:28:30+00:00\",\"dateModified\":\"2024-09-30T07:14:28+00:00\",\"mainEntityOfPage\":{\"@id\":\"https:\/\/www.philodefi.fr\/index.php\/2024\/09\/28\/philodefi-aux-rencontres-philosophiques-de-langres-2024\/\"},\"wordCount\":145,\"publisher\":{\"@id\":\"https:\/\/www.philodefi.fr\/#organization\"},\"image\":{\"@id\":\"https:\/\/www.philodefi.fr\/index.php\/2024\/09\/28\/philodefi-aux-rencontres-philosophiques-de-langres-2024\/#primaryimage\"},\"thumbnailUrl\":\"https:\/\/www.philodefi.fr\/wp-content\/uploads\/2024\/09\/affiche_rencontres_Langres_2024.jpg\",\"articleSection\":[\"Ev\u00e9nements\"],\"inLanguage\":\"fr-FR\"},{\"@type\":\"WebPage\",\"@id\":\"https:\/\/www.philodefi.fr\/index.php\/2024\/09\/28\/philodefi-aux-rencontres-philosophiques-de-langres-2024\/\",\"url\":\"https:\/\/www.philodefi.fr\/index.php\/2024\/09\/28\/philodefi-aux-rencontres-philosophiques-de-langres-2024\/\",\"name\":\"Philod\u00e9fi aux Rencontres Philosophiques de Langres 2024 ! - Philod\u00e9fi\",\"isPartOf\":{\"@id\":\"https:\/\/www.philodefi.fr\/#website\"},\"primaryImageOfPage\":{\"@id\":\"https:\/\/www.philodefi.fr\/index.php\/2024\/09\/28\/philodefi-aux-rencontres-philosophiques-de-langres-2024\/#primaryimage\"},\"image\":{\"@id\":\"https:\/\/www.philodefi.fr\/index.php\/2024\/09\/28\/philodefi-aux-rencontres-philosophiques-de-langres-2024\/#primaryimage\"},\"thumbnailUrl\":\"https:\/\/www.philodefi.fr\/wp-content\/uploads\/2024\/09\/affiche_rencontres_Langres_2024.jpg\",\"datePublished\":\"2024-09-28T10:28:30+00:00\",\"dateModified\":\"2024-09-30T07:14:28+00:00\",\"breadcrumb\":{\"@id\":\"https:\/\/www.philodefi.fr\/index.php\/2024\/09\/28\/philodefi-aux-rencontres-philosophiques-de-langres-2024\/#breadcrumb\"},\"inLanguage\":\"fr-FR\",\"potentialAction\":[{\"@type\":\"ReadAction\",\"target\":[\"https:\/\/www.philodefi.fr\/index.php\/2024\/09\/28\/philodefi-aux-rencontres-philosophiques-de-langres-2024\/\"]}]},{\"@type\":\"ImageObject\",\"inLanguage\":\"fr-FR\",\"@id\":\"https:\/\/www.philodefi.fr\/index.php\/2024\/09\/28\/philodefi-aux-rencontres-philosophiques-de-langres-2024\/#primaryimage\",\"url\":\"https:\/\/www.philodefi.fr\/wp-content\/uploads\/2024\/09\/affiche_rencontres_Langres_2024.jpg\",\"contentUrl\":\"https:\/\/www.philodefi.fr\/wp-content\/uploads\/2024\/09\/affiche_rencontres_Langres_2024.jpg\",\"width\":502,\"height\":710},{\"@type\":\"BreadcrumbList\",\"@id\":\"https:\/\/www.philodefi.fr\/index.php\/2024\/09\/28\/philodefi-aux-rencontres-philosophiques-de-langres-2024\/#breadcrumb\",\"itemListElement\":[{\"@type\":\"ListItem\",\"position\":1,\"name\":\"Accueil\",\"item\":\"https:\/\/www.philodefi.fr\/\"},{\"@type\":\"ListItem\",\"position\":2,\"name\":\"Philod\u00e9fi aux Rencontres Philosophiques de Langres 2024 !\"}]},{\"@type\":\"WebSite\",\"@id\":\"https:\/\/www.philodefi.fr\/#website\",\"url\":\"https:\/\/www.philodefi.fr\/\",\"name\":\"Philod\u00e9fi\",\"description\":\"Le jeu pour apprendre la philosophie autrement\",\"publisher\":{\"@id\":\"https:\/\/www.philodefi.fr\/#organization\"},\"potentialAction\":[{\"@type\":\"SearchAction\",\"target\":{\"@type\":\"EntryPoint\",\"urlTemplate\":\"https:\/\/www.philodefi.fr\/?s={search_term_string}\"},\"query-input\":{\"@type\":\"PropertyValueSpecification\",\"valueRequired\":true,\"valueName\":\"search_term_string\"}}],\"inLanguage\":\"fr-FR\"},{\"@type\":\"Organization\",\"@id\":\"https:\/\/www.philodefi.fr\/#organization\",\"name\":\"Philod\u00e9fi\",\"url\":\"https:\/\/www.philodefi.fr\/\",\"logo\":{\"@type\":\"ImageObject\",\"inLanguage\":\"fr-FR\",\"@id\":\"https:\/\/www.philodefi.fr\/#\/schema\/logo\/image\/\",\"url\":\"https:\/\/www.philodefi.fr\/wp-content\/uploads\/2018\/10\/logo_philodefi-1.png\",\"contentUrl\":\"https:\/\/www.philodefi.fr\/wp-content\/uploads\/2018\/10\/logo_philodefi-1.png\",\"width\":678,\"height\":222,\"caption\":\"Philod\u00e9fi\"},\"image\":{\"@id\":\"https:\/\/www.philodefi.fr\/#\/schema\/logo\/image\/\"},\"sameAs\":[\"https:\/\/fr-fr.facebook.com\/Philodefi\/\",\"https:\/\/www.youtube.com\/channel\/UC_3N0HKscicsk2AIa0fP-tg\"]},{\"@type\":\"Person\",\"@id\":\"https:\/\/www.philodefi.fr\/#\/schema\/person\/a5660db38cf3f8ceaf475ea1e749624e\",\"name\":\"St\u00e9phane Marcireau\",\"image\":{\"@type\":\"ImageObject\",\"inLanguage\":\"fr-FR\",\"@id\":\"https:\/\/www.philodefi.fr\/#\/schema\/person\/image\/\",\"url\":\"https:\/\/secure.gravatar.com\/avatar\/1c12a5187a5aeb9cf66510c3956ca67e?s=96&d=mm&r=g\",\"contentUrl\":\"https:\/\/secure.gravatar.com\/avatar\/1c12a5187a5aeb9cf66510c3956ca67e?s=96&d=mm&r=g\",\"caption\":\"St\u00e9phane Marcireau\"},\"sameAs\":[\"https:\/\/www.philodefi.fr\"],\"url\":\"https:\/\/www.philodefi.fr\/index.php\/author\/stephane\/\"}]}<\/script>\n<!-- \/ Yoast SEO plugin. -->","yoast_head_json":{"title":"Philod\u00e9fi aux Rencontres Philosophiques de Langres 2024 ! - Philod\u00e9fi","robots":{"index":"index","follow":"follow","max-snippet":"max-snippet:-1","max-image-preview":"max-image-preview:large","max-video-preview":"max-video-preview:-1"},"canonical":"https:\/\/www.philodefi.fr\/index.php\/2024\/09\/28\/philodefi-aux-rencontres-philosophiques-de-langres-2024\/","og_locale":"fr_FR","og_type":"article","og_title":"Philod\u00e9fi aux Rencontres Philosophiques de Langres 2024 ! - Philod\u00e9fi","og_description":"Nous avons le plaisir de participer aux Rencontres Philosophiques de Langres pour cette \u00e9dition 2024 ! Rendez-vous pour les ateliers suivants : Le vendredi 4 octobre, ateliers philosophiques avec les enfants : matin\u00e9e , \u00e0 l&rsquo;\u00e9cole du Sacr\u00e9 Coeur 14h30 et 15h30 \u00e0 l&rsquo;\u00e9cole Jean-Duvet. Le vendredi 4 octobre en [&hellip;]","og_url":"https:\/\/www.philodefi.fr\/index.php\/2024\/09\/28\/philodefi-aux-rencontres-philosophiques-de-langres-2024\/","og_site_name":"Philod\u00e9fi","article_publisher":"https:\/\/fr-fr.facebook.com\/Philodefi\/","article_published_time":"2024-09-28T10:28:30+00:00","article_modified_time":"2024-09-30T07:14:28+00:00","og_image":[{"width":502,"height":710,"url":"https:\/\/www.philodefi.fr\/wp-content\/uploads\/2024\/09\/affiche_rencontres_Langres_2024.jpg","type":"image\/jpeg"}],"author":"St\u00e9phane Marcireau","twitter_card":"summary_large_image","twitter_misc":{"\u00c9crit par":"St\u00e9phane Marcireau","Dur\u00e9e de lecture estim\u00e9e":"1 minute"},"schema":{"@context":"https:\/\/schema.org","@graph":[{"@type":"Article","@id":"https:\/\/www.philodefi.fr\/index.php\/2024\/09\/28\/philodefi-aux-rencontres-philosophiques-de-langres-2024\/#article","isPartOf":{"@id":"https:\/\/www.philodefi.fr\/index.php\/2024\/09\/28\/philodefi-aux-rencontres-philosophiques-de-langres-2024\/"},"author":{"name":"St\u00e9phane Marcireau","@id":"https:\/\/www.philodefi.fr\/#\/schema\/person\/a5660db38cf3f8ceaf475ea1e749624e"},"headline":"Philod\u00e9fi aux Rencontres Philosophiques de Langres 2024 !","datePublished":"2024-09-28T10:28:30+00:00","dateModified":"2024-09-30T07:14:28+00:00","mainEntityOfPage":{"@id":"https:\/\/www.philodefi.fr\/index.php\/2024\/09\/28\/philodefi-aux-rencontres-philosophiques-de-langres-2024\/"},"wordCount":145,"publisher":{"@id":"https:\/\/www.philodefi.fr\/#organization"},"image":{"@id":"https:\/\/www.philodefi.fr\/index.php\/2024\/09\/28\/philodefi-aux-rencontres-philosophiques-de-langres-2024\/#primaryimage"},"thumbnailUrl":"https:\/\/www.philodefi.fr\/wp-content\/uploads\/2024\/09\/affiche_rencontres_Langres_2024.jpg","articleSection":["Ev\u00e9nements"],"inLanguage":"fr-FR"},{"@type":"WebPage","@id":"https:\/\/www.philodefi.fr\/index.php\/2024\/09\/28\/philodefi-aux-rencontres-philosophiques-de-langres-2024\/","url":"https:\/\/www.philodefi.fr\/index.php\/2024\/09\/28\/philodefi-aux-rencontres-philosophiques-de-langres-2024\/","name":"Philod\u00e9fi aux Rencontres Philosophiques de Langres 2024 ! - Philod\u00e9fi","isPartOf":{"@id":"https:\/\/www.philodefi.fr\/#website"},"primaryImageOfPage":{"@id":"https:\/\/www.philodefi.fr\/index.php\/2024\/09\/28\/philodefi-aux-rencontres-philosophiques-de-langres-2024\/#primaryimage"},"image":{"@id":"https:\/\/www.philodefi.fr\/index.php\/2024\/09\/28\/philodefi-aux-rencontres-philosophiques-de-langres-2024\/#primaryimage"},"thumbnailUrl":"https:\/\/www.philodefi.fr\/wp-content\/uploads\/2024\/09\/affiche_rencontres_Langres_2024.jpg","datePublished":"2024-09-28T10:28:30+00:00","dateModified":"2024-09-30T07:14:28+00:00","breadcrumb":{"@id":"https:\/\/www.philodefi.fr\/index.php\/2024\/09\/28\/philodefi-aux-rencontres-philosophiques-de-langres-2024\/#breadcrumb"},"inLanguage":"fr-FR","potentialAction":[{"@type":"ReadAction","target":["https:\/\/www.philodefi.fr\/index.php\/2024\/09\/28\/philodefi-aux-rencontres-philosophiques-de-langres-2024\/"]}]},{"@type":"ImageObject","inLanguage":"fr-FR","@id":"https:\/\/www.philodefi.fr\/index.php\/2024\/09\/28\/philodefi-aux-rencontres-philosophiques-de-langres-2024\/#primaryimage","url":"https:\/\/www.philodefi.fr\/wp-content\/uploads\/2024\/09\/affiche_rencontres_Langres_2024.jpg","contentUrl":"https:\/\/www.philodefi.fr\/wp-content\/uploads\/2024\/09\/affiche_rencontres_Langres_2024.jpg","width":502,"height":710},{"@type":"BreadcrumbList","@id":"https:\/\/www.philodefi.fr\/index.php\/2024\/09\/28\/philodefi-aux-rencontres-philosophiques-de-langres-2024\/#breadcrumb","itemListElement":[{"@type":"ListItem","position":1,"name":"Accueil","item":"https:\/\/www.philodefi.fr\/"},{"@type":"ListItem","position":2,"name":"Philod\u00e9fi aux Rencontres Philosophiques de Langres 2024 !"}]},{"@type":"WebSite","@id":"https:\/\/www.philodefi.fr\/#website","url":"https:\/\/www.philodefi.fr\/","name":"Philod\u00e9fi","description":"Le jeu pour apprendre la philosophie autrement","publisher":{"@id":"https:\/\/www.philodefi.fr\/#organization"},"potentialAction":[{"@type":"SearchAction","target":{"@type":"EntryPoint","urlTemplate":"https:\/\/www.philodefi.fr\/?s={search_term_string}"},"query-input":{"@type":"PropertyValueSpecification","valueRequired":true,"valueName":"search_term_string"}}],"inLanguage":"fr-FR"},{"@type":"Organization","@id":"https:\/\/www.philodefi.fr\/#organization","name":"Philod\u00e9fi","url":"https:\/\/www.philodefi.fr\/","logo":{"@type":"ImageObject","inLanguage":"fr-FR","@id":"https:\/\/www.philodefi.fr\/#\/schema\/logo\/image\/","url":"https:\/\/www.philodefi.fr\/wp-content\/uploads\/2018\/10\/logo_philodefi-1.png","contentUrl":"https:\/\/www.philodefi.fr\/wp-content\/uploads\/2018\/10\/logo_philodefi-1.png","width":678,"height":222,"caption":"Philod\u00e9fi"},"image":{"@id":"https:\/\/www.philodefi.fr\/#\/schema\/logo\/image\/"},"sameAs":["https:\/\/fr-fr.facebook.com\/Philodefi\/","https:\/\/www.youtube.com\/channel\/UC_3N0HKscicsk2AIa0fP-tg"]},{"@type":"Person","@id":"https:\/\/www.philodefi.fr\/#\/schema\/person\/a5660db38cf3f8ceaf475ea1e749624e","name":"St\u00e9phane Marcireau","image":{"@type":"ImageObject","inLanguage":"fr-FR","@id":"https:\/\/www.philodefi.fr\/#\/schema\/person\/image\/","url":"https:\/\/secure.gravatar.com\/avatar\/1c12a5187a5aeb9cf66510c3956ca67e?s=96&d=mm&r=g","contentUrl":"https:\/\/secure.gravatar.com\/avatar\/1c12a5187a5aeb9cf66510c3956ca67e?s=96&d=mm&r=g","caption":"St\u00e9phane Marcireau"},"sameAs":["https:\/\/www.philodefi.fr"],"url":"https:\/\/www.philodefi.fr\/index.php\/author\/stephane\/"}]}},"jetpack_featured_media_url":"https:\/\/www.philodefi.fr\/wp-content\/uploads\/2024\/09\/affiche_rencontres_Langres_2024.jpg","jetpack_sharing_enabled":true,"jetpack_shortlink":"https:\/\/wp.me\/pavdZ1-4vt","_links":{"self":[{"href":"https:\/\/www.philodefi.fr\/index.php\/wp-json\/wp\/v2\/posts\/17327","targetHints":{"allow":["GET"]}}],"collection":[{"href":"https:\/\/www.philodefi.fr\/index.php\/wp-json\/wp\/v2\/posts"}],"about":[{"href":"https:\/\/www.philodefi.fr\/index.php\/wp-json\/wp\/v2\/types\/post"}],"author":[{"embeddable":true,"href":"https:\/\/www.philodefi.fr\/index.php\/wp-json\/wp\/v2\/users\/2"}],"replies":[{"embeddable":true,"href":"https:\/\/www.philodefi.fr\/index.php\/wp-json\/wp\/v2\/comments?post=17327"}],"version-history":[{"count":0,"href":"https:\/\/www.philodefi.fr\/index.php\/wp-json\/wp\/v2\/posts\/17327\/revisions"}],"wp:featuredmedia":[{"embeddable":true,"href":"https:\/\/www.philodefi.fr\/index.php\/wp-json\/wp\/v2\/media\/17328"}],"wp:attachment":[{"href":"https:\/\/www.philodefi.fr\/index.php\/wp-json\/wp\/v2\/media?parent=17327"}],"wp:term":[{"taxonomy":"category","embeddable":true,"href":"https:\/\/www.philodefi.fr\/index.php\/wp-json\/wp\/v2\/categories?post=17327"},{"taxonomy":"post_tag","embeddable":true,"href":"https:\/\/www.philodefi.fr\/index.php\/wp-json\/wp\/v2\/tags?post=17327"}],"curies":[{"name":"wp","href":"https:\/\/api.w.org\/{rel}","templated":true}]}}