{"id":1340,"date":"2021-11-21T17:38:20","date_gmt":"2021-11-21T16:38:20","guid":{"rendered":"https:\/\/www.philodefi.fr\/?p=1340"},"modified":"2021-11-22T17:22:54","modified_gmt":"2021-11-22T16:22:54","slug":"dates-a-retenir-concernant-philodefi","status":"publish","type":"post","link":"https:\/\/www.philodefi.fr\/index.php\/2021\/11\/21\/dates-a-retenir-concernant-philodefi\/","title":{"rendered":"Dates \u00e0 retenir concernant Philod\u00e9fi !"},"content":{"rendered":"<p>Janvier 2021: ateliers philo sur Canop\u00e9. 3 webinaires (les ateliers seront \u00e0 15h00)<\/p>\n<ul>\n<li>5 janvier : Socrate<\/li>\n<li>12 janvier : Descartes<\/li>\n<li>19 janvier : Freud.<\/li>\n<\/ul>\n<p>&nbsp;<\/p>\n<p>&nbsp;<\/p>\n<p>\u00e9v\u00e9nements qui se sont pass\u00e9s&#8230;<\/p>\n<p><strong>en mars<\/strong> 2019<\/p>\n<p>mercredi 20 mars : \u00e0 Poitiers : table ronde \u00e0 l&rsquo;Espace Mend\u00e8s France \u00e0 14h30 .\u00a0\u00bbLe jeu comme un outil \u00e9ducatif et culturel\u00a0\u00bb<\/p>\n<p>samedi 23 mars : \u00e0 Paris : pr\u00e9sence de Philod\u00e9fi dans l&rsquo;\u00e9tablissement Saint Jean de Passy (XVI) de 17h00 \u00e0 19h00<\/p>\n<p>samedi 30 mars : \u00e0 Niort: librairie \u00ab\u00a0Les halles\u00a0\u00bb, le matin et l&rsquo;apr\u00e8s-midi<\/p>\n<p><strong>en avril<\/strong> !<\/p>\n<p>mercredi 3 avril : \u00e0 Nantes : librairie \u00ab\u00a0Durance\u00a0\u00bb, l&rsquo;apr\u00e8s-midi<\/p>\n<p>jeudi 4 avril : \u00e0 Poitiers : salon des mini entreprises au parc des expositions<\/p>\n<p>vendredi 5 avril : \u00e0 Poitiers : salon de th\u00e9 \u00ab\u00a0le bonheur est dans le th\u00e9\u00a0\u00bb \u00e0 partir de 19h00<\/p>\n<p>samedi 6 avril : \u00e0 Tours : Librairie \u00ab\u00a0la bo\u00eete \u00e0 livres\u00a0\u00bb, matin et apr\u00e8s-midi<\/p>\n<p>samedi 13 avril : \u00e0 Orl\u00e9ans : librairie \u00ab\u00a0Chantelivre\u00a0\u00bb l&rsquo;apr\u00e8s-midi<\/p>\n<p><strong>en mai<\/strong> !<\/p>\n<p>samedi 11 mai : Chasseneuil du Poitou : \u00ab\u00a0Cultura\u00a0\u00bb,\u00a0 toute la journ\u00e9e<\/p>\n<p>samedi 18 mai : Poitiers, m\u00e9diath\u00e8que Fran\u00e7ois Mitterrand<\/p>\n<p>samedi 25 mai : La Rochelle : m\u00e9diath\u00e8que Michel Cr\u00e9peau, toute la journ\u00e9e<\/p>\n<p>en juillet !<\/p>\n<p><strong>en ao\u00fbt<\/strong> !<\/p>\n<p>du vendredi 9 ao\u00fbt au dimanche 11 ao\u00fbt : salon du livre du Bois Plage<\/p>\n<p><strong>en septembre !<\/strong><\/p>\n<p>samedi 21 septembre : le matin,\u00a0 m\u00e9diath\u00e8que de Vouill\u00e9 (86)<\/p>\n","protected":false},"excerpt":{"rendered":"<p>Janvier 2021: ateliers philo sur Canop\u00e9. 3 webinaires (les ateliers seront \u00e0 15h00) 5 janvier : Socrate 12 janvier : Descartes 19 janvier : Freud. &nbsp; &nbsp; \u00e9v\u00e9nements qui se sont pass\u00e9s&#8230; en mars 2019 mercredi 20 mars : \u00e0 Poitiers : table ronde \u00e0 l&rsquo;Espace Mend\u00e8s France \u00e0 14h30 [&hellip;]<\/p>\n","protected":false},"author":2,"featured_media":0,"comment_status":"closed","ping_status":"open","sticky":true,"template":"","format":"standard","meta":{"jetpack_post_was_ever_published":false,"_jetpack_newsletter_access":"","_jetpack_dont_email_post_to_subs":false,"_jetpack_newsletter_tier_id":0,"_jetpack_memberships_contains_paywalled_content":false,"_jetpack_memberships_contains_paid_content":false,"footnotes":"","jetpack_publicize_message":"","jetpack_publicize_feature_enabled":true,"jetpack_social_post_already_shared":true,"jetpack_social_options":{"image_generator_settings":{"template":"highway","enabled":false},"version":2}},"categories":[6],"tags":[],"class_list":["post-1340","post","type-post","status-publish","format-standard","hentry","category-evenements"],"jetpack_publicize_connections":[],"yoast_head":"<!-- This site is optimized with the Yoast SEO plugin v24.0 - https:\/\/yoast.com\/wordpress\/plugins\/seo\/ -->\n<title>Dates \u00e0 retenir concernant Philod\u00e9fi ! - Philod\u00e9fi<\/title>\n<meta name=\"robots\" content=\"index, follow, max-snippet:-1, max-image-preview:large, max-video-preview:-1\" \/>\n<link rel=\"canonical\" href=\"https:\/\/www.philodefi.fr\/index.php\/2021\/11\/21\/dates-a-retenir-concernant-philodefi\/\" \/>\n<meta property=\"og:locale\" content=\"fr_FR\" \/>\n<meta property=\"og:type\" content=\"article\" \/>\n<meta property=\"og:title\" content=\"Dates \u00e0 retenir concernant Philod\u00e9fi ! - Philod\u00e9fi\" \/>\n<meta property=\"og:description\" content=\"Janvier 2021: ateliers philo sur Canop\u00e9. 3 webinaires (les ateliers seront \u00e0 15h00) 5 janvier : Socrate 12 janvier : Descartes 19 janvier : Freud. &nbsp; &nbsp; \u00e9v\u00e9nements qui se sont pass\u00e9s&#8230; en mars 2019 mercredi 20 mars : \u00e0 Poitiers : table ronde \u00e0 l&rsquo;Espace Mend\u00e8s France \u00e0 14h30 [&hellip;]\" \/>\n<meta property=\"og:url\" content=\"https:\/\/www.philodefi.fr\/index.php\/2021\/11\/21\/dates-a-retenir-concernant-philodefi\/\" \/>\n<meta property=\"og:site_name\" content=\"Philod\u00e9fi\" \/>\n<meta property=\"article:publisher\" content=\"https:\/\/fr-fr.facebook.com\/Philodefi\/\" \/>\n<meta property=\"article:published_time\" content=\"2021-11-21T16:38:20+00:00\" \/>\n<meta property=\"article:modified_time\" content=\"2021-11-22T16:22:54+00:00\" \/>\n<meta property=\"og:image\" content=\"https:\/\/www.philodefi.fr\/wp-content\/uploads\/2021\/04\/logo_boite_socials.jpg\" \/>\n\t<meta property=\"og:image:width\" content=\"1500\" \/>\n\t<meta property=\"og:image:height\" content=\"986\" \/>\n\t<meta property=\"og:image:type\" content=\"image\/jpeg\" \/>\n<meta name=\"author\" content=\"St\u00e9phane Marcireau\" \/>\n<meta name=\"twitter:card\" content=\"summary_large_image\" \/>\n<meta name=\"twitter:label1\" content=\"\u00c9crit par\" \/>\n\t<meta name=\"twitter:data1\" content=\"St\u00e9phane Marcireau\" \/>\n\t<meta name=\"twitter:label2\" content=\"Dur\u00e9e de lecture estim\u00e9e\" \/>\n\t<meta name=\"twitter:data2\" content=\"1 minute\" \/>\n<script type=\"application\/ld+json\" class=\"yoast-schema-graph\">{\"@context\":\"https:\/\/schema.org\",\"@graph\":[{\"@type\":\"Article\",\"@id\":\"https:\/\/www.philodefi.fr\/index.php\/2021\/11\/21\/dates-a-retenir-concernant-philodefi\/#article\",\"isPartOf\":{\"@id\":\"https:\/\/www.philodefi.fr\/index.php\/2021\/11\/21\/dates-a-retenir-concernant-philodefi\/\"},\"author\":{\"name\":\"St\u00e9phane Marcireau\",\"@id\":\"https:\/\/www.philodefi.fr\/#\/schema\/person\/a5660db38cf3f8ceaf475ea1e749624e\"},\"headline\":\"Dates \u00e0 retenir concernant Philod\u00e9fi !\",\"datePublished\":\"2021-11-21T16:38:20+00:00\",\"dateModified\":\"2021-11-22T16:22:54+00:00\",\"mainEntityOfPage\":{\"@id\":\"https:\/\/www.philodefi.fr\/index.php\/2021\/11\/21\/dates-a-retenir-concernant-philodefi\/\"},\"wordCount\":204,\"publisher\":{\"@id\":\"https:\/\/www.philodefi.fr\/#organization\"},\"articleSection\":[\"Ev\u00e9nements\"],\"inLanguage\":\"fr-FR\"},{\"@type\":\"WebPage\",\"@id\":\"https:\/\/www.philodefi.fr\/index.php\/2021\/11\/21\/dates-a-retenir-concernant-philodefi\/\",\"url\":\"https:\/\/www.philodefi.fr\/index.php\/2021\/11\/21\/dates-a-retenir-concernant-philodefi\/\",\"name\":\"Dates \u00e0 retenir concernant Philod\u00e9fi ! - Philod\u00e9fi\",\"isPartOf\":{\"@id\":\"https:\/\/www.philodefi.fr\/#website\"},\"datePublished\":\"2021-11-21T16:38:20+00:00\",\"dateModified\":\"2021-11-22T16:22:54+00:00\",\"breadcrumb\":{\"@id\":\"https:\/\/www.philodefi.fr\/index.php\/2021\/11\/21\/dates-a-retenir-concernant-philodefi\/#breadcrumb\"},\"inLanguage\":\"fr-FR\",\"potentialAction\":[{\"@type\":\"ReadAction\",\"target\":[\"https:\/\/www.philodefi.fr\/index.php\/2021\/11\/21\/dates-a-retenir-concernant-philodefi\/\"]}]},{\"@type\":\"BreadcrumbList\",\"@id\":\"https:\/\/www.philodefi.fr\/index.php\/2021\/11\/21\/dates-a-retenir-concernant-philodefi\/#breadcrumb\",\"itemListElement\":[{\"@type\":\"ListItem\",\"position\":1,\"name\":\"Accueil\",\"item\":\"https:\/\/www.philodefi.fr\/\"},{\"@type\":\"ListItem\",\"position\":2,\"name\":\"Dates \u00e0 retenir concernant Philod\u00e9fi !\"}]},{\"@type\":\"WebSite\",\"@id\":\"https:\/\/www.philodefi.fr\/#website\",\"url\":\"https:\/\/www.philodefi.fr\/\",\"name\":\"Philod\u00e9fi\",\"description\":\"Le jeu pour apprendre la philosophie autrement\",\"publisher\":{\"@id\":\"https:\/\/www.philodefi.fr\/#organization\"},\"potentialAction\":[{\"@type\":\"SearchAction\",\"target\":{\"@type\":\"EntryPoint\",\"urlTemplate\":\"https:\/\/www.philodefi.fr\/?s={search_term_string}\"},\"query-input\":{\"@type\":\"PropertyValueSpecification\",\"valueRequired\":true,\"valueName\":\"search_term_string\"}}],\"inLanguage\":\"fr-FR\"},{\"@type\":\"Organization\",\"@id\":\"https:\/\/www.philodefi.fr\/#organization\",\"name\":\"Philod\u00e9fi\",\"url\":\"https:\/\/www.philodefi.fr\/\",\"logo\":{\"@type\":\"ImageObject\",\"inLanguage\":\"fr-FR\",\"@id\":\"https:\/\/www.philodefi.fr\/#\/schema\/logo\/image\/\",\"url\":\"https:\/\/www.philodefi.fr\/wp-content\/uploads\/2018\/10\/logo_philodefi-1.png\",\"contentUrl\":\"https:\/\/www.philodefi.fr\/wp-content\/uploads\/2018\/10\/logo_philodefi-1.png\",\"width\":678,\"height\":222,\"caption\":\"Philod\u00e9fi\"},\"image\":{\"@id\":\"https:\/\/www.philodefi.fr\/#\/schema\/logo\/image\/\"},\"sameAs\":[\"https:\/\/fr-fr.facebook.com\/Philodefi\/\",\"https:\/\/www.youtube.com\/channel\/UC_3N0HKscicsk2AIa0fP-tg\"]},{\"@type\":\"Person\",\"@id\":\"https:\/\/www.philodefi.fr\/#\/schema\/person\/a5660db38cf3f8ceaf475ea1e749624e\",\"name\":\"St\u00e9phane Marcireau\",\"image\":{\"@type\":\"ImageObject\",\"inLanguage\":\"fr-FR\",\"@id\":\"https:\/\/www.philodefi.fr\/#\/schema\/person\/image\/\",\"url\":\"https:\/\/secure.gravatar.com\/avatar\/1c12a5187a5aeb9cf66510c3956ca67e?s=96&d=mm&r=g\",\"contentUrl\":\"https:\/\/secure.gravatar.com\/avatar\/1c12a5187a5aeb9cf66510c3956ca67e?s=96&d=mm&r=g\",\"caption\":\"St\u00e9phane Marcireau\"},\"sameAs\":[\"https:\/\/www.philodefi.fr\"],\"url\":\"https:\/\/www.philodefi.fr\/index.php\/author\/stephane\/\"}]}<\/script>\n<!-- \/ Yoast SEO plugin. -->","yoast_head_json":{"title":"Dates \u00e0 retenir concernant Philod\u00e9fi ! - Philod\u00e9fi","robots":{"index":"index","follow":"follow","max-snippet":"max-snippet:-1","max-image-preview":"max-image-preview:large","max-video-preview":"max-video-preview:-1"},"canonical":"https:\/\/www.philodefi.fr\/index.php\/2021\/11\/21\/dates-a-retenir-concernant-philodefi\/","og_locale":"fr_FR","og_type":"article","og_title":"Dates \u00e0 retenir concernant Philod\u00e9fi ! - Philod\u00e9fi","og_description":"Janvier 2021: ateliers philo sur Canop\u00e9. 3 webinaires (les ateliers seront \u00e0 15h00) 5 janvier : Socrate 12 janvier : Descartes 19 janvier : Freud. &nbsp; &nbsp; \u00e9v\u00e9nements qui se sont pass\u00e9s&#8230; en mars 2019 mercredi 20 mars : \u00e0 Poitiers : table ronde \u00e0 l&rsquo;Espace Mend\u00e8s France \u00e0 14h30 [&hellip;]","og_url":"https:\/\/www.philodefi.fr\/index.php\/2021\/11\/21\/dates-a-retenir-concernant-philodefi\/","og_site_name":"Philod\u00e9fi","article_publisher":"https:\/\/fr-fr.facebook.com\/Philodefi\/","article_published_time":"2021-11-21T16:38:20+00:00","article_modified_time":"2021-11-22T16:22:54+00:00","og_image":[{"width":1500,"height":986,"url":"https:\/\/www.philodefi.fr\/wp-content\/uploads\/2021\/04\/logo_boite_socials.jpg","type":"image\/jpeg"}],"author":"St\u00e9phane Marcireau","twitter_card":"summary_large_image","twitter_misc":{"\u00c9crit par":"St\u00e9phane Marcireau","Dur\u00e9e de lecture estim\u00e9e":"1 minute"},"schema":{"@context":"https:\/\/schema.org","@graph":[{"@type":"Article","@id":"https:\/\/www.philodefi.fr\/index.php\/2021\/11\/21\/dates-a-retenir-concernant-philodefi\/#article","isPartOf":{"@id":"https:\/\/www.philodefi.fr\/index.php\/2021\/11\/21\/dates-a-retenir-concernant-philodefi\/"},"author":{"name":"St\u00e9phane Marcireau","@id":"https:\/\/www.philodefi.fr\/#\/schema\/person\/a5660db38cf3f8ceaf475ea1e749624e"},"headline":"Dates \u00e0 retenir concernant Philod\u00e9fi !","datePublished":"2021-11-21T16:38:20+00:00","dateModified":"2021-11-22T16:22:54+00:00","mainEntityOfPage":{"@id":"https:\/\/www.philodefi.fr\/index.php\/2021\/11\/21\/dates-a-retenir-concernant-philodefi\/"},"wordCount":204,"publisher":{"@id":"https:\/\/www.philodefi.fr\/#organization"},"articleSection":["Ev\u00e9nements"],"inLanguage":"fr-FR"},{"@type":"WebPage","@id":"https:\/\/www.philodefi.fr\/index.php\/2021\/11\/21\/dates-a-retenir-concernant-philodefi\/","url":"https:\/\/www.philodefi.fr\/index.php\/2021\/11\/21\/dates-a-retenir-concernant-philodefi\/","name":"Dates \u00e0 retenir concernant Philod\u00e9fi ! - Philod\u00e9fi","isPartOf":{"@id":"https:\/\/www.philodefi.fr\/#website"},"datePublished":"2021-11-21T16:38:20+00:00","dateModified":"2021-11-22T16:22:54+00:00","breadcrumb":{"@id":"https:\/\/www.philodefi.fr\/index.php\/2021\/11\/21\/dates-a-retenir-concernant-philodefi\/#breadcrumb"},"inLanguage":"fr-FR","potentialAction":[{"@type":"ReadAction","target":["https:\/\/www.philodefi.fr\/index.php\/2021\/11\/21\/dates-a-retenir-concernant-philodefi\/"]}]},{"@type":"BreadcrumbList","@id":"https:\/\/www.philodefi.fr\/index.php\/2021\/11\/21\/dates-a-retenir-concernant-philodefi\/#breadcrumb","itemListElement":[{"@type":"ListItem","position":1,"name":"Accueil","item":"https:\/\/www.philodefi.fr\/"},{"@type":"ListItem","position":2,"name":"Dates \u00e0 retenir concernant Philod\u00e9fi !"}]},{"@type":"WebSite","@id":"https:\/\/www.philodefi.fr\/#website","url":"https:\/\/www.philodefi.fr\/","name":"Philod\u00e9fi","description":"Le jeu pour apprendre la philosophie autrement","publisher":{"@id":"https:\/\/www.philodefi.fr\/#organization"},"potentialAction":[{"@type":"SearchAction","target":{"@type":"EntryPoint","urlTemplate":"https:\/\/www.philodefi.fr\/?s={search_term_string}"},"query-input":{"@type":"PropertyValueSpecification","valueRequired":true,"valueName":"search_term_string"}}],"inLanguage":"fr-FR"},{"@type":"Organization","@id":"https:\/\/www.philodefi.fr\/#organization","name":"Philod\u00e9fi","url":"https:\/\/www.philodefi.fr\/","logo":{"@type":"ImageObject","inLanguage":"fr-FR","@id":"https:\/\/www.philodefi.fr\/#\/schema\/logo\/image\/","url":"https:\/\/www.philodefi.fr\/wp-content\/uploads\/2018\/10\/logo_philodefi-1.png","contentUrl":"https:\/\/www.philodefi.fr\/wp-content\/uploads\/2018\/10\/logo_philodefi-1.png","width":678,"height":222,"caption":"Philod\u00e9fi"},"image":{"@id":"https:\/\/www.philodefi.fr\/#\/schema\/logo\/image\/"},"sameAs":["https:\/\/fr-fr.facebook.com\/Philodefi\/","https:\/\/www.youtube.com\/channel\/UC_3N0HKscicsk2AIa0fP-tg"]},{"@type":"Person","@id":"https:\/\/www.philodefi.fr\/#\/schema\/person\/a5660db38cf3f8ceaf475ea1e749624e","name":"St\u00e9phane Marcireau","image":{"@type":"ImageObject","inLanguage":"fr-FR","@id":"https:\/\/www.philodefi.fr\/#\/schema\/person\/image\/","url":"https:\/\/secure.gravatar.com\/avatar\/1c12a5187a5aeb9cf66510c3956ca67e?s=96&d=mm&r=g","contentUrl":"https:\/\/secure.gravatar.com\/avatar\/1c12a5187a5aeb9cf66510c3956ca67e?s=96&d=mm&r=g","caption":"St\u00e9phane Marcireau"},"sameAs":["https:\/\/www.philodefi.fr"],"url":"https:\/\/www.philodefi.fr\/index.php\/author\/stephane\/"}]}},"jetpack_featured_media_url":"","jetpack_sharing_enabled":true,"jetpack_shortlink":"https:\/\/wp.me\/pavdZ1-lC","_links":{"self":[{"href":"https:\/\/www.philodefi.fr\/index.php\/wp-json\/wp\/v2\/posts\/1340","targetHints":{"allow":["GET"]}}],"collection":[{"href":"https:\/\/www.philodefi.fr\/index.php\/wp-json\/wp\/v2\/posts"}],"about":[{"href":"https:\/\/www.philodefi.fr\/index.php\/wp-json\/wp\/v2\/types\/post"}],"author":[{"embeddable":true,"href":"https:\/\/www.philodefi.fr\/index.php\/wp-json\/wp\/v2\/users\/2"}],"replies":[{"embeddable":true,"href":"https:\/\/www.philodefi.fr\/index.php\/wp-json\/wp\/v2\/comments?post=1340"}],"version-history":[{"count":0,"href":"https:\/\/www.philodefi.fr\/index.php\/wp-json\/wp\/v2\/posts\/1340\/revisions"}],"wp:attachment":[{"href":"https:\/\/www.philodefi.fr\/index.php\/wp-json\/wp\/v2\/media?parent=1340"}],"wp:term":[{"taxonomy":"category","embeddable":true,"href":"https:\/\/www.philodefi.fr\/index.php\/wp-json\/wp\/v2\/categories?post=1340"},{"taxonomy":"post_tag","embeddable":true,"href":"https:\/\/www.philodefi.fr\/index.php\/wp-json\/wp\/v2\/tags?post=1340"}],"curies":[{"name":"wp","href":"https:\/\/api.w.org\/{rel}","templated":true}]}}