{"id":12882,"date":"2023-10-15T15:57:15","date_gmt":"2023-10-15T13:57:15","guid":{"rendered":"https:\/\/www.philodefi.fr\/?p=12882"},"modified":"2023-10-15T15:58:48","modified_gmt":"2023-10-15T13:58:48","slug":"rencontres-philosophiques-de-langres-2023","status":"publish","type":"post","link":"https:\/\/www.philodefi.fr\/index.php\/2023\/10\/15\/rencontres-philosophiques-de-langres-2023\/","title":{"rendered":"Rencontres Philosophiques de Langres 2023"},"content":{"rendered":"<p>Nous avons \u00e9t\u00e9 tr\u00e8s heureux de participer au festival \u00e9dition 2023 !<\/p>\n<p>Une pr\u00e9sence \u00e0 Langres, salle Jean Favre, pour pr\u00e9senter Philod\u00e9fi aupr\u00e8s des professeurs de Philosophie :<\/p>\n<p><img loading=\"lazy\" decoding=\"async\" src=\"https:\/\/www.philodefi.fr\/wp-content\/uploads\/2023\/10\/20231006_090721_web.jpg\" alt=\"\" width=\"800\" height=\"600\" class=\"alignnone size-full wp-image-12883\" srcset=\"https:\/\/www.philodefi.fr\/wp-content\/uploads\/2023\/10\/20231006_090721_web.jpg 800w, https:\/\/www.philodefi.fr\/wp-content\/uploads\/2023\/10\/20231006_090721_web-300x225.jpg 300w, https:\/\/www.philodefi.fr\/wp-content\/uploads\/2023\/10\/20231006_090721_web-768x576.jpg 768w, https:\/\/www.philodefi.fr\/wp-content\/uploads\/2023\/10\/20231006_090721_web-600x450.jpg 600w\" sizes=\"auto, (max-width: 800px) 100vw, 800px\" \/><\/p>\n<p>Les ateliers flash- Philo, avec Socrate, Descartes, Rousseau,Kant et Bergson permettent de retrouver les univers de ces grands philosophes tout en retrouvant le plaisir d&rsquo;\u00e9crire et de colorier les images personnalisables<\/p>\n<p><img loading=\"lazy\" decoding=\"async\" src=\"https:\/\/www.philodefi.fr\/wp-content\/uploads\/2023\/10\/20231007_112937_web.jpg\" alt=\"\" width=\"600\" height=\"800\" class=\"alignnone size-full wp-image-12884\" srcset=\"https:\/\/www.philodefi.fr\/wp-content\/uploads\/2023\/10\/20231007_112937_web.jpg 600w, https:\/\/www.philodefi.fr\/wp-content\/uploads\/2023\/10\/20231007_112937_web-225x300.jpg 225w\" sizes=\"auto, (max-width: 600px) 100vw, 600px\" \/> <img loading=\"lazy\" decoding=\"async\" src=\"https:\/\/www.philodefi.fr\/wp-content\/uploads\/2023\/10\/20231007_132030_web.jpg\" alt=\"\" width=\"600\" height=\"800\" class=\"alignnone size-large wp-image-12885\" srcset=\"https:\/\/www.philodefi.fr\/wp-content\/uploads\/2023\/10\/20231007_132030_web.jpg 600w, https:\/\/www.philodefi.fr\/wp-content\/uploads\/2023\/10\/20231007_132030_web-225x300.jpg 225w\" sizes=\"auto, (max-width: 600px) 100vw, 600px\" \/><\/p>\n<p>Les Rencontres Philosophiques de Langres ont \u00e9t\u00e9 l&rsquo;occasion de cr\u00e9er la carte Diderot. En effet, Diderot est originaire de Langres et nous avons sollicit\u00e9 l&rsquo;intelligence collective pour \u00e9laborer sa carte Philod\u00e9fi. Un grand merci aux habitants de Langres et aux passionn\u00e9(e)s de Diderot qui nous ont rejoint. Des remerciements \u00e0 Emmanuelle pour son aide pour l&rsquo;animation et \u00e0 MarianneThayer , artiste exceptionnelle, qui a donn\u00e9 vie \u00e0 cette r\u00e9flexion collective.<img loading=\"lazy\" decoding=\"async\" src=\"https:\/\/www.philodefi.fr\/wp-content\/uploads\/2023\/10\/20231007_143403_web.jpg\" alt=\"\" width=\"800\" height=\"600\" class=\"alignnone size-full wp-image-12886\" srcset=\"https:\/\/www.philodefi.fr\/wp-content\/uploads\/2023\/10\/20231007_143403_web.jpg 800w, https:\/\/www.philodefi.fr\/wp-content\/uploads\/2023\/10\/20231007_143403_web-300x225.jpg 300w, https:\/\/www.philodefi.fr\/wp-content\/uploads\/2023\/10\/20231007_143403_web-768x576.jpg 768w, https:\/\/www.philodefi.fr\/wp-content\/uploads\/2023\/10\/20231007_143403_web-600x450.jpg 600w\" sizes=\"auto, (max-width: 800px) 100vw, 800px\" \/> <img loading=\"lazy\" decoding=\"async\" src=\"https:\/\/www.philodefi.fr\/wp-content\/uploads\/2023\/10\/20231007_151510_web.jpg\" alt=\"\" width=\"600\" height=\"800\" class=\"alignnone size-large wp-image-12887\" srcset=\"https:\/\/www.philodefi.fr\/wp-content\/uploads\/2023\/10\/20231007_151510_web.jpg 600w, https:\/\/www.philodefi.fr\/wp-content\/uploads\/2023\/10\/20231007_151510_web-225x300.jpg 225w\" sizes=\"auto, (max-width: 600px) 100vw, 600px\" \/> <img loading=\"lazy\" decoding=\"async\" src=\"https:\/\/www.philodefi.fr\/wp-content\/uploads\/2023\/10\/20231008_105234_web.jpg\" alt=\"\" width=\"750\" height=\"563\" class=\"alignnone size-large wp-image-12888\" srcset=\"https:\/\/www.philodefi.fr\/wp-content\/uploads\/2023\/10\/20231008_105234_web.jpg 800w, https:\/\/www.philodefi.fr\/wp-content\/uploads\/2023\/10\/20231008_105234_web-300x225.jpg 300w, https:\/\/www.philodefi.fr\/wp-content\/uploads\/2023\/10\/20231008_105234_web-768x576.jpg 768w, https:\/\/www.philodefi.fr\/wp-content\/uploads\/2023\/10\/20231008_105234_web-600x450.jpg 600w\" sizes=\"auto, (max-width: 750px) 100vw, 750px\" \/> <img loading=\"lazy\" decoding=\"async\" src=\"https:\/\/www.philodefi.fr\/wp-content\/uploads\/2023\/10\/20231008_110029_web.jpg\" alt=\"\" width=\"600\" height=\"800\" class=\"alignnone size-large wp-image-12889\" srcset=\"https:\/\/www.philodefi.fr\/wp-content\/uploads\/2023\/10\/20231008_110029_web.jpg 600w, https:\/\/www.philodefi.fr\/wp-content\/uploads\/2023\/10\/20231008_110029_web-225x300.jpg 225w\" sizes=\"auto, (max-width: 600px) 100vw, 600px\" \/> <img loading=\"lazy\" decoding=\"async\" src=\"https:\/\/www.philodefi.fr\/wp-content\/uploads\/2023\/10\/20231008_114338_web.jpg\" alt=\"\" width=\"750\" height=\"563\" class=\"alignnone size-large wp-image-12890\" srcset=\"https:\/\/www.philodefi.fr\/wp-content\/uploads\/2023\/10\/20231008_114338_web.jpg 800w, https:\/\/www.philodefi.fr\/wp-content\/uploads\/2023\/10\/20231008_114338_web-300x225.jpg 300w, https:\/\/www.philodefi.fr\/wp-content\/uploads\/2023\/10\/20231008_114338_web-768x576.jpg 768w, https:\/\/www.philodefi.fr\/wp-content\/uploads\/2023\/10\/20231008_114338_web-600x450.jpg 600w\" sizes=\"auto, (max-width: 750px) 100vw, 750px\" \/> <img loading=\"lazy\" decoding=\"async\" src=\"https:\/\/www.philodefi.fr\/wp-content\/uploads\/2023\/10\/20231008_115022_web.jpg\" alt=\"\" width=\"750\" height=\"563\" class=\"alignnone size-large wp-image-12891\" srcset=\"https:\/\/www.philodefi.fr\/wp-content\/uploads\/2023\/10\/20231008_115022_web.jpg 800w, https:\/\/www.philodefi.fr\/wp-content\/uploads\/2023\/10\/20231008_115022_web-300x225.jpg 300w, https:\/\/www.philodefi.fr\/wp-content\/uploads\/2023\/10\/20231008_115022_web-768x576.jpg 768w, https:\/\/www.philodefi.fr\/wp-content\/uploads\/2023\/10\/20231008_115022_web-600x450.jpg 600w\" sizes=\"auto, (max-width: 750px) 100vw, 750px\" \/> <img loading=\"lazy\" decoding=\"async\" src=\"https:\/\/www.philodefi.fr\/wp-content\/uploads\/2023\/10\/20231008_115703_web.jpg\" alt=\"\" width=\"600\" height=\"800\" class=\"alignnone size-large wp-image-12892\" srcset=\"https:\/\/www.philodefi.fr\/wp-content\/uploads\/2023\/10\/20231008_115703_web.jpg 600w, https:\/\/www.philodefi.fr\/wp-content\/uploads\/2023\/10\/20231008_115703_web-225x300.jpg 225w\" sizes=\"auto, (max-width: 600px) 100vw, 600px\" \/> <img loading=\"lazy\" decoding=\"async\" src=\"https:\/\/www.philodefi.fr\/wp-content\/uploads\/2023\/10\/20231008_120539_web.jpg\" alt=\"\" width=\"600\" height=\"800\" class=\"alignnone size-large wp-image-12893\" srcset=\"https:\/\/www.philodefi.fr\/wp-content\/uploads\/2023\/10\/20231008_120539_web.jpg 600w, https:\/\/www.philodefi.fr\/wp-content\/uploads\/2023\/10\/20231008_120539_web-225x300.jpg 225w\" sizes=\"auto, (max-width: 600px) 100vw, 600px\" \/> <img loading=\"lazy\" decoding=\"async\" src=\"https:\/\/www.philodefi.fr\/wp-content\/uploads\/2023\/10\/20231008_120837_web.jpg\" alt=\"\" width=\"600\" height=\"800\" class=\"alignnone size-large wp-image-12894\" srcset=\"https:\/\/www.philodefi.fr\/wp-content\/uploads\/2023\/10\/20231008_120837_web.jpg 600w, https:\/\/www.philodefi.fr\/wp-content\/uploads\/2023\/10\/20231008_120837_web-225x300.jpg 225w\" sizes=\"auto, (max-width: 600px) 100vw, 600px\" \/> <img loading=\"lazy\" decoding=\"async\" src=\"https:\/\/www.philodefi.fr\/wp-content\/uploads\/2023\/10\/20231008_120840_web.jpg\" alt=\"\" width=\"600\" height=\"800\" class=\"alignnone size-large wp-image-12895\" srcset=\"https:\/\/www.philodefi.fr\/wp-content\/uploads\/2023\/10\/20231008_120840_web.jpg 600w, https:\/\/www.philodefi.fr\/wp-content\/uploads\/2023\/10\/20231008_120840_web-225x300.jpg 225w\" sizes=\"auto, (max-width: 600px) 100vw, 600px\" \/> <img loading=\"lazy\" decoding=\"async\" src=\"https:\/\/www.philodefi.fr\/wp-content\/uploads\/2023\/10\/20231008_121434_web.jpg\" alt=\"\" width=\"750\" height=\"563\" class=\"alignnone size-large wp-image-12896\" srcset=\"https:\/\/www.philodefi.fr\/wp-content\/uploads\/2023\/10\/20231008_121434_web.jpg 800w, https:\/\/www.philodefi.fr\/wp-content\/uploads\/2023\/10\/20231008_121434_web-300x225.jpg 300w, https:\/\/www.philodefi.fr\/wp-content\/uploads\/2023\/10\/20231008_121434_web-768x576.jpg 768w, https:\/\/www.philodefi.fr\/wp-content\/uploads\/2023\/10\/20231008_121434_web-600x450.jpg 600w\" sizes=\"auto, (max-width: 750px) 100vw, 750px\" \/> <img loading=\"lazy\" decoding=\"async\" src=\"https:\/\/www.philodefi.fr\/wp-content\/uploads\/2023\/10\/20231008_121617_web.jpg\" alt=\"\" width=\"600\" height=\"800\" class=\"alignnone size-large wp-image-12897\" srcset=\"https:\/\/www.philodefi.fr\/wp-content\/uploads\/2023\/10\/20231008_121617_web.jpg 600w, https:\/\/www.philodefi.fr\/wp-content\/uploads\/2023\/10\/20231008_121617_web-225x300.jpg 225w\" sizes=\"auto, (max-width: 600px) 100vw, 600px\" \/><\/p>\n<p>&nbsp;<\/p>\n<div id=\"sconnect-is-installed\" style=\"display: none;\">2.15.0.0<\/div>\n<div id=\"sconnect-is-installed\" style=\"display: none;\">2.15.0.0<\/div>\n<div id=\"sconnect-is-installed\" style=\"display: none;\">2.15.0.0<\/div>\n<div id=\"sconnect-is-installed\" style=\"display: none;\">2.15.0.0<\/div>\n","protected":false},"excerpt":{"rendered":"<p>Nous avons \u00e9t\u00e9 tr\u00e8s heureux de participer au festival \u00e9dition 2023 ! Une pr\u00e9sence \u00e0 Langres, salle Jean Favre, pour pr\u00e9senter Philod\u00e9fi aupr\u00e8s des professeurs de Philosophie : Les ateliers flash- Philo, avec Socrate, Descartes, Rousseau,Kant et Bergson permettent de retrouver les univers de ces grands philosophes tout en retrouvant [&hellip;]<\/p>\n","protected":false},"author":1,"featured_media":12886,"comment_status":"closed","ping_status":"open","sticky":false,"template":"","format":"standard","meta":{"jetpack_post_was_ever_published":false,"_jetpack_newsletter_access":"","_jetpack_dont_email_post_to_subs":false,"_jetpack_newsletter_tier_id":0,"_jetpack_memberships_contains_paywalled_content":false,"_jetpack_memberships_contains_paid_content":false,"footnotes":"","jetpack_publicize_message":"","jetpack_publicize_feature_enabled":true,"jetpack_social_post_already_shared":true,"jetpack_social_options":{"image_generator_settings":{"template":"highway","enabled":false},"version":2}},"categories":[6],"tags":[],"class_list":["post-12882","post","type-post","status-publish","format-standard","has-post-thumbnail","hentry","category-evenements"],"jetpack_publicize_connections":[],"yoast_head":"<!-- This site is optimized with the Yoast SEO plugin v24.0 - https:\/\/yoast.com\/wordpress\/plugins\/seo\/ -->\n<title>Rencontres Philosophiques de Langres 2023 - Philod\u00e9fi<\/title>\n<meta name=\"robots\" content=\"index, follow, max-snippet:-1, max-image-preview:large, max-video-preview:-1\" \/>\n<link rel=\"canonical\" href=\"https:\/\/www.philodefi.fr\/index.php\/2023\/10\/15\/rencontres-philosophiques-de-langres-2023\/\" \/>\n<meta property=\"og:locale\" content=\"fr_FR\" \/>\n<meta property=\"og:type\" content=\"article\" \/>\n<meta property=\"og:title\" content=\"Rencontres Philosophiques de Langres 2023 - Philod\u00e9fi\" \/>\n<meta property=\"og:description\" content=\"Nous avons \u00e9t\u00e9 tr\u00e8s heureux de participer au festival \u00e9dition 2023 ! Une pr\u00e9sence \u00e0 Langres, salle Jean Favre, pour pr\u00e9senter Philod\u00e9fi aupr\u00e8s des professeurs de Philosophie : Les ateliers flash- Philo, avec Socrate, Descartes, Rousseau,Kant et Bergson permettent de retrouver les univers de ces grands philosophes tout en retrouvant [&hellip;]\" \/>\n<meta property=\"og:url\" content=\"https:\/\/www.philodefi.fr\/index.php\/2023\/10\/15\/rencontres-philosophiques-de-langres-2023\/\" \/>\n<meta property=\"og:site_name\" content=\"Philod\u00e9fi\" \/>\n<meta property=\"article:publisher\" content=\"https:\/\/fr-fr.facebook.com\/Philodefi\/\" \/>\n<meta property=\"article:published_time\" content=\"2023-10-15T13:57:15+00:00\" \/>\n<meta property=\"article:modified_time\" content=\"2023-10-15T13:58:48+00:00\" \/>\n<meta property=\"og:image\" content=\"https:\/\/www.philodefi.fr\/wp-content\/uploads\/2023\/10\/20231007_143403_web.jpg\" \/>\n\t<meta property=\"og:image:width\" content=\"800\" \/>\n\t<meta property=\"og:image:height\" content=\"600\" \/>\n\t<meta property=\"og:image:type\" content=\"image\/jpeg\" \/>\n<meta name=\"author\" content=\"admin9632\" \/>\n<meta name=\"twitter:card\" content=\"summary_large_image\" \/>\n<meta name=\"twitter:label1\" content=\"\u00c9crit par\" \/>\n\t<meta name=\"twitter:data1\" content=\"admin9632\" \/>\n\t<meta name=\"twitter:label2\" content=\"Dur\u00e9e de lecture estim\u00e9e\" \/>\n\t<meta name=\"twitter:data2\" content=\"1 minute\" \/>\n<script type=\"application\/ld+json\" class=\"yoast-schema-graph\">{\"@context\":\"https:\/\/schema.org\",\"@graph\":[{\"@type\":\"Article\",\"@id\":\"https:\/\/www.philodefi.fr\/index.php\/2023\/10\/15\/rencontres-philosophiques-de-langres-2023\/#article\",\"isPartOf\":{\"@id\":\"https:\/\/www.philodefi.fr\/index.php\/2023\/10\/15\/rencontres-philosophiques-de-langres-2023\/\"},\"author\":{\"name\":\"admin9632\",\"@id\":\"https:\/\/www.philodefi.fr\/#\/schema\/person\/2f32d08ee78c71302d24340e0de4a755\"},\"headline\":\"Rencontres Philosophiques de Langres 2023\",\"datePublished\":\"2023-10-15T13:57:15+00:00\",\"dateModified\":\"2023-10-15T13:58:48+00:00\",\"mainEntityOfPage\":{\"@id\":\"https:\/\/www.philodefi.fr\/index.php\/2023\/10\/15\/rencontres-philosophiques-de-langres-2023\/\"},\"wordCount\":141,\"publisher\":{\"@id\":\"https:\/\/www.philodefi.fr\/#organization\"},\"image\":{\"@id\":\"https:\/\/www.philodefi.fr\/index.php\/2023\/10\/15\/rencontres-philosophiques-de-langres-2023\/#primaryimage\"},\"thumbnailUrl\":\"https:\/\/www.philodefi.fr\/wp-content\/uploads\/2023\/10\/20231007_143403_web.jpg\",\"articleSection\":[\"Ev\u00e9nements\"],\"inLanguage\":\"fr-FR\"},{\"@type\":\"WebPage\",\"@id\":\"https:\/\/www.philodefi.fr\/index.php\/2023\/10\/15\/rencontres-philosophiques-de-langres-2023\/\",\"url\":\"https:\/\/www.philodefi.fr\/index.php\/2023\/10\/15\/rencontres-philosophiques-de-langres-2023\/\",\"name\":\"Rencontres Philosophiques de Langres 2023 - Philod\u00e9fi\",\"isPartOf\":{\"@id\":\"https:\/\/www.philodefi.fr\/#website\"},\"primaryImageOfPage\":{\"@id\":\"https:\/\/www.philodefi.fr\/index.php\/2023\/10\/15\/rencontres-philosophiques-de-langres-2023\/#primaryimage\"},\"image\":{\"@id\":\"https:\/\/www.philodefi.fr\/index.php\/2023\/10\/15\/rencontres-philosophiques-de-langres-2023\/#primaryimage\"},\"thumbnailUrl\":\"https:\/\/www.philodefi.fr\/wp-content\/uploads\/2023\/10\/20231007_143403_web.jpg\",\"datePublished\":\"2023-10-15T13:57:15+00:00\",\"dateModified\":\"2023-10-15T13:58:48+00:00\",\"breadcrumb\":{\"@id\":\"https:\/\/www.philodefi.fr\/index.php\/2023\/10\/15\/rencontres-philosophiques-de-langres-2023\/#breadcrumb\"},\"inLanguage\":\"fr-FR\",\"potentialAction\":[{\"@type\":\"ReadAction\",\"target\":[\"https:\/\/www.philodefi.fr\/index.php\/2023\/10\/15\/rencontres-philosophiques-de-langres-2023\/\"]}]},{\"@type\":\"ImageObject\",\"inLanguage\":\"fr-FR\",\"@id\":\"https:\/\/www.philodefi.fr\/index.php\/2023\/10\/15\/rencontres-philosophiques-de-langres-2023\/#primaryimage\",\"url\":\"https:\/\/www.philodefi.fr\/wp-content\/uploads\/2023\/10\/20231007_143403_web.jpg\",\"contentUrl\":\"https:\/\/www.philodefi.fr\/wp-content\/uploads\/2023\/10\/20231007_143403_web.jpg\",\"width\":800,\"height\":600},{\"@type\":\"BreadcrumbList\",\"@id\":\"https:\/\/www.philodefi.fr\/index.php\/2023\/10\/15\/rencontres-philosophiques-de-langres-2023\/#breadcrumb\",\"itemListElement\":[{\"@type\":\"ListItem\",\"position\":1,\"name\":\"Accueil\",\"item\":\"https:\/\/www.philodefi.fr\/\"},{\"@type\":\"ListItem\",\"position\":2,\"name\":\"Rencontres Philosophiques de Langres 2023\"}]},{\"@type\":\"WebSite\",\"@id\":\"https:\/\/www.philodefi.fr\/#website\",\"url\":\"https:\/\/www.philodefi.fr\/\",\"name\":\"Philod\u00e9fi\",\"description\":\"Le jeu pour apprendre la philosophie autrement\",\"publisher\":{\"@id\":\"https:\/\/www.philodefi.fr\/#organization\"},\"potentialAction\":[{\"@type\":\"SearchAction\",\"target\":{\"@type\":\"EntryPoint\",\"urlTemplate\":\"https:\/\/www.philodefi.fr\/?s={search_term_string}\"},\"query-input\":{\"@type\":\"PropertyValueSpecification\",\"valueRequired\":true,\"valueName\":\"search_term_string\"}}],\"inLanguage\":\"fr-FR\"},{\"@type\":\"Organization\",\"@id\":\"https:\/\/www.philodefi.fr\/#organization\",\"name\":\"Philod\u00e9fi\",\"url\":\"https:\/\/www.philodefi.fr\/\",\"logo\":{\"@type\":\"ImageObject\",\"inLanguage\":\"fr-FR\",\"@id\":\"https:\/\/www.philodefi.fr\/#\/schema\/logo\/image\/\",\"url\":\"https:\/\/www.philodefi.fr\/wp-content\/uploads\/2018\/10\/logo_philodefi-1.png\",\"contentUrl\":\"https:\/\/www.philodefi.fr\/wp-content\/uploads\/2018\/10\/logo_philodefi-1.png\",\"width\":678,\"height\":222,\"caption\":\"Philod\u00e9fi\"},\"image\":{\"@id\":\"https:\/\/www.philodefi.fr\/#\/schema\/logo\/image\/\"},\"sameAs\":[\"https:\/\/fr-fr.facebook.com\/Philodefi\/\",\"https:\/\/www.youtube.com\/channel\/UC_3N0HKscicsk2AIa0fP-tg\"]},{\"@type\":\"Person\",\"@id\":\"https:\/\/www.philodefi.fr\/#\/schema\/person\/2f32d08ee78c71302d24340e0de4a755\",\"name\":\"admin9632\",\"image\":{\"@type\":\"ImageObject\",\"inLanguage\":\"fr-FR\",\"@id\":\"https:\/\/www.philodefi.fr\/#\/schema\/person\/image\/\",\"url\":\"https:\/\/secure.gravatar.com\/avatar\/602f38438ad764ef023cc49e438a5e7a?s=96&d=mm&r=g\",\"contentUrl\":\"https:\/\/secure.gravatar.com\/avatar\/602f38438ad764ef023cc49e438a5e7a?s=96&d=mm&r=g\",\"caption\":\"admin9632\"},\"url\":\"https:\/\/www.philodefi.fr\/index.php\/author\/admin9632\/\"}]}<\/script>\n<!-- \/ Yoast SEO plugin. -->","yoast_head_json":{"title":"Rencontres Philosophiques de Langres 2023 - Philod\u00e9fi","robots":{"index":"index","follow":"follow","max-snippet":"max-snippet:-1","max-image-preview":"max-image-preview:large","max-video-preview":"max-video-preview:-1"},"canonical":"https:\/\/www.philodefi.fr\/index.php\/2023\/10\/15\/rencontres-philosophiques-de-langres-2023\/","og_locale":"fr_FR","og_type":"article","og_title":"Rencontres Philosophiques de Langres 2023 - Philod\u00e9fi","og_description":"Nous avons \u00e9t\u00e9 tr\u00e8s heureux de participer au festival \u00e9dition 2023 ! Une pr\u00e9sence \u00e0 Langres, salle Jean Favre, pour pr\u00e9senter Philod\u00e9fi aupr\u00e8s des professeurs de Philosophie : Les ateliers flash- Philo, avec Socrate, Descartes, Rousseau,Kant et Bergson permettent de retrouver les univers de ces grands philosophes tout en retrouvant [&hellip;]","og_url":"https:\/\/www.philodefi.fr\/index.php\/2023\/10\/15\/rencontres-philosophiques-de-langres-2023\/","og_site_name":"Philod\u00e9fi","article_publisher":"https:\/\/fr-fr.facebook.com\/Philodefi\/","article_published_time":"2023-10-15T13:57:15+00:00","article_modified_time":"2023-10-15T13:58:48+00:00","og_image":[{"width":800,"height":600,"url":"https:\/\/www.philodefi.fr\/wp-content\/uploads\/2023\/10\/20231007_143403_web.jpg","type":"image\/jpeg"}],"author":"admin9632","twitter_card":"summary_large_image","twitter_misc":{"\u00c9crit par":"admin9632","Dur\u00e9e de lecture estim\u00e9e":"1 minute"},"schema":{"@context":"https:\/\/schema.org","@graph":[{"@type":"Article","@id":"https:\/\/www.philodefi.fr\/index.php\/2023\/10\/15\/rencontres-philosophiques-de-langres-2023\/#article","isPartOf":{"@id":"https:\/\/www.philodefi.fr\/index.php\/2023\/10\/15\/rencontres-philosophiques-de-langres-2023\/"},"author":{"name":"admin9632","@id":"https:\/\/www.philodefi.fr\/#\/schema\/person\/2f32d08ee78c71302d24340e0de4a755"},"headline":"Rencontres Philosophiques de Langres 2023","datePublished":"2023-10-15T13:57:15+00:00","dateModified":"2023-10-15T13:58:48+00:00","mainEntityOfPage":{"@id":"https:\/\/www.philodefi.fr\/index.php\/2023\/10\/15\/rencontres-philosophiques-de-langres-2023\/"},"wordCount":141,"publisher":{"@id":"https:\/\/www.philodefi.fr\/#organization"},"image":{"@id":"https:\/\/www.philodefi.fr\/index.php\/2023\/10\/15\/rencontres-philosophiques-de-langres-2023\/#primaryimage"},"thumbnailUrl":"https:\/\/www.philodefi.fr\/wp-content\/uploads\/2023\/10\/20231007_143403_web.jpg","articleSection":["Ev\u00e9nements"],"inLanguage":"fr-FR"},{"@type":"WebPage","@id":"https:\/\/www.philodefi.fr\/index.php\/2023\/10\/15\/rencontres-philosophiques-de-langres-2023\/","url":"https:\/\/www.philodefi.fr\/index.php\/2023\/10\/15\/rencontres-philosophiques-de-langres-2023\/","name":"Rencontres Philosophiques de Langres 2023 - Philod\u00e9fi","isPartOf":{"@id":"https:\/\/www.philodefi.fr\/#website"},"primaryImageOfPage":{"@id":"https:\/\/www.philodefi.fr\/index.php\/2023\/10\/15\/rencontres-philosophiques-de-langres-2023\/#primaryimage"},"image":{"@id":"https:\/\/www.philodefi.fr\/index.php\/2023\/10\/15\/rencontres-philosophiques-de-langres-2023\/#primaryimage"},"thumbnailUrl":"https:\/\/www.philodefi.fr\/wp-content\/uploads\/2023\/10\/20231007_143403_web.jpg","datePublished":"2023-10-15T13:57:15+00:00","dateModified":"2023-10-15T13:58:48+00:00","breadcrumb":{"@id":"https:\/\/www.philodefi.fr\/index.php\/2023\/10\/15\/rencontres-philosophiques-de-langres-2023\/#breadcrumb"},"inLanguage":"fr-FR","potentialAction":[{"@type":"ReadAction","target":["https:\/\/www.philodefi.fr\/index.php\/2023\/10\/15\/rencontres-philosophiques-de-langres-2023\/"]}]},{"@type":"ImageObject","inLanguage":"fr-FR","@id":"https:\/\/www.philodefi.fr\/index.php\/2023\/10\/15\/rencontres-philosophiques-de-langres-2023\/#primaryimage","url":"https:\/\/www.philodefi.fr\/wp-content\/uploads\/2023\/10\/20231007_143403_web.jpg","contentUrl":"https:\/\/www.philodefi.fr\/wp-content\/uploads\/2023\/10\/20231007_143403_web.jpg","width":800,"height":600},{"@type":"BreadcrumbList","@id":"https:\/\/www.philodefi.fr\/index.php\/2023\/10\/15\/rencontres-philosophiques-de-langres-2023\/#breadcrumb","itemListElement":[{"@type":"ListItem","position":1,"name":"Accueil","item":"https:\/\/www.philodefi.fr\/"},{"@type":"ListItem","position":2,"name":"Rencontres Philosophiques de Langres 2023"}]},{"@type":"WebSite","@id":"https:\/\/www.philodefi.fr\/#website","url":"https:\/\/www.philodefi.fr\/","name":"Philod\u00e9fi","description":"Le jeu pour apprendre la philosophie autrement","publisher":{"@id":"https:\/\/www.philodefi.fr\/#organization"},"potentialAction":[{"@type":"SearchAction","target":{"@type":"EntryPoint","urlTemplate":"https:\/\/www.philodefi.fr\/?s={search_term_string}"},"query-input":{"@type":"PropertyValueSpecification","valueRequired":true,"valueName":"search_term_string"}}],"inLanguage":"fr-FR"},{"@type":"Organization","@id":"https:\/\/www.philodefi.fr\/#organization","name":"Philod\u00e9fi","url":"https:\/\/www.philodefi.fr\/","logo":{"@type":"ImageObject","inLanguage":"fr-FR","@id":"https:\/\/www.philodefi.fr\/#\/schema\/logo\/image\/","url":"https:\/\/www.philodefi.fr\/wp-content\/uploads\/2018\/10\/logo_philodefi-1.png","contentUrl":"https:\/\/www.philodefi.fr\/wp-content\/uploads\/2018\/10\/logo_philodefi-1.png","width":678,"height":222,"caption":"Philod\u00e9fi"},"image":{"@id":"https:\/\/www.philodefi.fr\/#\/schema\/logo\/image\/"},"sameAs":["https:\/\/fr-fr.facebook.com\/Philodefi\/","https:\/\/www.youtube.com\/channel\/UC_3N0HKscicsk2AIa0fP-tg"]},{"@type":"Person","@id":"https:\/\/www.philodefi.fr\/#\/schema\/person\/2f32d08ee78c71302d24340e0de4a755","name":"admin9632","image":{"@type":"ImageObject","inLanguage":"fr-FR","@id":"https:\/\/www.philodefi.fr\/#\/schema\/person\/image\/","url":"https:\/\/secure.gravatar.com\/avatar\/602f38438ad764ef023cc49e438a5e7a?s=96&d=mm&r=g","contentUrl":"https:\/\/secure.gravatar.com\/avatar\/602f38438ad764ef023cc49e438a5e7a?s=96&d=mm&r=g","caption":"admin9632"},"url":"https:\/\/www.philodefi.fr\/index.php\/author\/admin9632\/"}]}},"jetpack_featured_media_url":"https:\/\/www.philodefi.fr\/wp-content\/uploads\/2023\/10\/20231007_143403_web.jpg","jetpack_sharing_enabled":true,"jetpack_shortlink":"https:\/\/wp.me\/pavdZ1-3lM","_links":{"self":[{"href":"https:\/\/www.philodefi.fr\/index.php\/wp-json\/wp\/v2\/posts\/12882","targetHints":{"allow":["GET"]}}],"collection":[{"href":"https:\/\/www.philodefi.fr\/index.php\/wp-json\/wp\/v2\/posts"}],"about":[{"href":"https:\/\/www.philodefi.fr\/index.php\/wp-json\/wp\/v2\/types\/post"}],"author":[{"embeddable":true,"href":"https:\/\/www.philodefi.fr\/index.php\/wp-json\/wp\/v2\/users\/1"}],"replies":[{"embeddable":true,"href":"https:\/\/www.philodefi.fr\/index.php\/wp-json\/wp\/v2\/comments?post=12882"}],"version-history":[{"count":0,"href":"https:\/\/www.philodefi.fr\/index.php\/wp-json\/wp\/v2\/posts\/12882\/revisions"}],"wp:featuredmedia":[{"embeddable":true,"href":"https:\/\/www.philodefi.fr\/index.php\/wp-json\/wp\/v2\/media\/12886"}],"wp:attachment":[{"href":"https:\/\/www.philodefi.fr\/index.php\/wp-json\/wp\/v2\/media?parent=12882"}],"wp:term":[{"taxonomy":"category","embeddable":true,"href":"https:\/\/www.philodefi.fr\/index.php\/wp-json\/wp\/v2\/categories?post=12882"},{"taxonomy":"post_tag","embeddable":true,"href":"https:\/\/www.philodefi.fr\/index.php\/wp-json\/wp\/v2\/tags?post=12882"}],"curies":[{"name":"wp","href":"https:\/\/api.w.org\/{rel}","templated":true}]}}