{"id":12609,"date":"2023-04-28T11:34:58","date_gmt":"2023-04-28T09:34:58","guid":{"rendered":"https:\/\/www.philodefi.fr\/?p=12609"},"modified":"2023-04-28T11:34:58","modified_gmt":"2023-04-28T09:34:58","slug":"atelier-a-rochefort","status":"publish","type":"post","link":"https:\/\/www.philodefi.fr\/index.php\/2023\/04\/28\/atelier-a-rochefort\/","title":{"rendered":"Atelier \u00e0 Rochefort"},"content":{"rendered":"<p><b>Jeudi 20 avril, \u00e0 Rochefort, une animation pour d\u00e9couvrir Philod\u00e9fi, dans le restaurant Cap\u00a0 Nell, pour toutes les g\u00e9n\u00e9rations !<\/b><b><br \/>\n<\/b><\/p>\n<p><b>Une d\u00e9couverte permise gr\u00e2ce au<\/b><b> <\/b><strong>financement de la r\u00e9gion Nouvelle-Aquitaine dans le cadre du Programme d&rsquo;Animation d&rsquo;Initiatives de culture scientifique et <\/strong><strong>avec le soutien de cr\u00e9ativit\u00e9 et territoires.<\/strong><\/p>\n<p><img loading=\"lazy\" decoding=\"async\" src=\"https:\/\/www.philodefi.fr\/wp-content\/uploads\/2023\/04\/Rochefort_202304_01.jpg\" alt=\"\" class=\"alignnone size-full wp-image-12610\" width=\"640\" height=\"480\" srcset=\"https:\/\/www.philodefi.fr\/wp-content\/uploads\/2023\/04\/Rochefort_202304_01.jpg 640w, https:\/\/www.philodefi.fr\/wp-content\/uploads\/2023\/04\/Rochefort_202304_01-300x225.jpg 300w, https:\/\/www.philodefi.fr\/wp-content\/uploads\/2023\/04\/Rochefort_202304_01-600x450.jpg 600w\" sizes=\"auto, (max-width: 640px) 100vw, 640px\" \/> <img loading=\"lazy\" decoding=\"async\" src=\"https:\/\/www.philodefi.fr\/wp-content\/uploads\/2023\/04\/Rochefort_202304_02.jpg\" alt=\"\" class=\"alignnone size-large wp-image-12611\" width=\"640\" height=\"480\" srcset=\"https:\/\/www.philodefi.fr\/wp-content\/uploads\/2023\/04\/Rochefort_202304_02.jpg 640w, https:\/\/www.philodefi.fr\/wp-content\/uploads\/2023\/04\/Rochefort_202304_02-300x225.jpg 300w, https:\/\/www.philodefi.fr\/wp-content\/uploads\/2023\/04\/Rochefort_202304_02-600x450.jpg 600w\" sizes=\"auto, (max-width: 640px) 100vw, 640px\" \/> <img loading=\"lazy\" decoding=\"async\" src=\"https:\/\/www.philodefi.fr\/wp-content\/uploads\/2023\/04\/Rochefort_202304_03.jpg\" alt=\"\" class=\"alignnone size-large wp-image-12612\" width=\"640\" height=\"480\" srcset=\"https:\/\/www.philodefi.fr\/wp-content\/uploads\/2023\/04\/Rochefort_202304_03.jpg 640w, https:\/\/www.philodefi.fr\/wp-content\/uploads\/2023\/04\/Rochefort_202304_03-300x225.jpg 300w, https:\/\/www.philodefi.fr\/wp-content\/uploads\/2023\/04\/Rochefort_202304_03-600x450.jpg 600w\" sizes=\"auto, (max-width: 640px) 100vw, 640px\" \/> <img loading=\"lazy\" decoding=\"async\" src=\"https:\/\/www.philodefi.fr\/wp-content\/uploads\/2023\/04\/Rochefort_202304_04.jpg\" alt=\"\" class=\"alignnone size-large wp-image-12613\" width=\"640\" height=\"480\" srcset=\"https:\/\/www.philodefi.fr\/wp-content\/uploads\/2023\/04\/Rochefort_202304_04.jpg 640w, https:\/\/www.philodefi.fr\/wp-content\/uploads\/2023\/04\/Rochefort_202304_04-300x225.jpg 300w, https:\/\/www.philodefi.fr\/wp-content\/uploads\/2023\/04\/Rochefort_202304_04-600x450.jpg 600w\" sizes=\"auto, (max-width: 640px) 100vw, 640px\" \/><\/p>\n<div id=\"sconnect-is-installed\" style=\"display: none;\">2.14.0.0<\/div>\n","protected":false},"excerpt":{"rendered":"<p>Jeudi 20 avril, \u00e0 Rochefort, une animation pour d\u00e9couvrir Philod\u00e9fi, dans le restaurant Cap\u00a0 Nell, pour toutes les g\u00e9n\u00e9rations ! Une d\u00e9couverte permise gr\u00e2ce au financement de la r\u00e9gion Nouvelle-Aquitaine dans le cadre du Programme d&rsquo;Animation d&rsquo;Initiatives de culture scientifique et avec le soutien de cr\u00e9ativit\u00e9 et territoires. 2.14.0.0<\/p>\n","protected":false},"author":1,"featured_media":12610,"comment_status":"closed","ping_status":"open","sticky":false,"template":"","format":"standard","meta":{"jetpack_post_was_ever_published":false,"_jetpack_newsletter_access":"","_jetpack_dont_email_post_to_subs":false,"_jetpack_newsletter_tier_id":0,"_jetpack_memberships_contains_paywalled_content":false,"_jetpack_memberships_contains_paid_content":false,"footnotes":"","jetpack_publicize_message":"","jetpack_publicize_feature_enabled":true,"jetpack_social_post_already_shared":true,"jetpack_social_options":{"image_generator_settings":{"template":"highway","enabled":false},"version":2}},"categories":[6],"tags":[],"class_list":["post-12609","post","type-post","status-publish","format-standard","has-post-thumbnail","hentry","category-evenements"],"jetpack_publicize_connections":[],"yoast_head":"<!-- This site is optimized with the Yoast SEO plugin v24.0 - https:\/\/yoast.com\/wordpress\/plugins\/seo\/ -->\n<title>Atelier \u00e0 Rochefort - Philod\u00e9fi<\/title>\n<meta name=\"robots\" content=\"index, follow, max-snippet:-1, max-image-preview:large, max-video-preview:-1\" \/>\n<link rel=\"canonical\" href=\"https:\/\/www.philodefi.fr\/index.php\/2023\/04\/28\/atelier-a-rochefort\/\" \/>\n<meta property=\"og:locale\" content=\"fr_FR\" \/>\n<meta property=\"og:type\" content=\"article\" \/>\n<meta property=\"og:title\" content=\"Atelier \u00e0 Rochefort - Philod\u00e9fi\" \/>\n<meta property=\"og:description\" content=\"Jeudi 20 avril, \u00e0 Rochefort, une animation pour d\u00e9couvrir Philod\u00e9fi, dans le restaurant Cap\u00a0 Nell, pour toutes les g\u00e9n\u00e9rations ! Une d\u00e9couverte permise gr\u00e2ce au financement de la r\u00e9gion Nouvelle-Aquitaine dans le cadre du Programme d&rsquo;Animation d&rsquo;Initiatives de culture scientifique et avec le soutien de cr\u00e9ativit\u00e9 et territoires. 2.14.0.0\" \/>\n<meta property=\"og:url\" content=\"https:\/\/www.philodefi.fr\/index.php\/2023\/04\/28\/atelier-a-rochefort\/\" \/>\n<meta property=\"og:site_name\" content=\"Philod\u00e9fi\" \/>\n<meta property=\"article:publisher\" content=\"https:\/\/fr-fr.facebook.com\/Philodefi\/\" \/>\n<meta property=\"article:published_time\" content=\"2023-04-28T09:34:58+00:00\" \/>\n<meta property=\"og:image\" content=\"https:\/\/www.philodefi.fr\/wp-content\/uploads\/2023\/04\/Rochefort_202304_01.jpg\" \/>\n\t<meta property=\"og:image:width\" content=\"640\" \/>\n\t<meta property=\"og:image:height\" content=\"480\" \/>\n\t<meta property=\"og:image:type\" content=\"image\/jpeg\" \/>\n<meta name=\"author\" content=\"admin9632\" \/>\n<meta name=\"twitter:card\" content=\"summary_large_image\" \/>\n<meta name=\"twitter:label1\" content=\"\u00c9crit par\" \/>\n\t<meta name=\"twitter:data1\" content=\"admin9632\" \/>\n\t<meta name=\"twitter:label2\" content=\"Dur\u00e9e de lecture estim\u00e9e\" \/>\n\t<meta name=\"twitter:data2\" content=\"2 minutes\" \/>\n<script type=\"application\/ld+json\" class=\"yoast-schema-graph\">{\"@context\":\"https:\/\/schema.org\",\"@graph\":[{\"@type\":\"Article\",\"@id\":\"https:\/\/www.philodefi.fr\/index.php\/2023\/04\/28\/atelier-a-rochefort\/#article\",\"isPartOf\":{\"@id\":\"https:\/\/www.philodefi.fr\/index.php\/2023\/04\/28\/atelier-a-rochefort\/\"},\"author\":{\"name\":\"admin9632\",\"@id\":\"https:\/\/www.philodefi.fr\/#\/schema\/person\/2f32d08ee78c71302d24340e0de4a755\"},\"headline\":\"Atelier \u00e0 Rochefort\",\"datePublished\":\"2023-04-28T09:34:58+00:00\",\"dateModified\":\"2023-04-28T09:34:58+00:00\",\"mainEntityOfPage\":{\"@id\":\"https:\/\/www.philodefi.fr\/index.php\/2023\/04\/28\/atelier-a-rochefort\/\"},\"wordCount\":57,\"publisher\":{\"@id\":\"https:\/\/www.philodefi.fr\/#organization\"},\"image\":{\"@id\":\"https:\/\/www.philodefi.fr\/index.php\/2023\/04\/28\/atelier-a-rochefort\/#primaryimage\"},\"thumbnailUrl\":\"https:\/\/www.philodefi.fr\/wp-content\/uploads\/2023\/04\/Rochefort_202304_01.jpg\",\"articleSection\":[\"Ev\u00e9nements\"],\"inLanguage\":\"fr-FR\"},{\"@type\":\"WebPage\",\"@id\":\"https:\/\/www.philodefi.fr\/index.php\/2023\/04\/28\/atelier-a-rochefort\/\",\"url\":\"https:\/\/www.philodefi.fr\/index.php\/2023\/04\/28\/atelier-a-rochefort\/\",\"name\":\"Atelier \u00e0 Rochefort - Philod\u00e9fi\",\"isPartOf\":{\"@id\":\"https:\/\/www.philodefi.fr\/#website\"},\"primaryImageOfPage\":{\"@id\":\"https:\/\/www.philodefi.fr\/index.php\/2023\/04\/28\/atelier-a-rochefort\/#primaryimage\"},\"image\":{\"@id\":\"https:\/\/www.philodefi.fr\/index.php\/2023\/04\/28\/atelier-a-rochefort\/#primaryimage\"},\"thumbnailUrl\":\"https:\/\/www.philodefi.fr\/wp-content\/uploads\/2023\/04\/Rochefort_202304_01.jpg\",\"datePublished\":\"2023-04-28T09:34:58+00:00\",\"dateModified\":\"2023-04-28T09:34:58+00:00\",\"breadcrumb\":{\"@id\":\"https:\/\/www.philodefi.fr\/index.php\/2023\/04\/28\/atelier-a-rochefort\/#breadcrumb\"},\"inLanguage\":\"fr-FR\",\"potentialAction\":[{\"@type\":\"ReadAction\",\"target\":[\"https:\/\/www.philodefi.fr\/index.php\/2023\/04\/28\/atelier-a-rochefort\/\"]}]},{\"@type\":\"ImageObject\",\"inLanguage\":\"fr-FR\",\"@id\":\"https:\/\/www.philodefi.fr\/index.php\/2023\/04\/28\/atelier-a-rochefort\/#primaryimage\",\"url\":\"https:\/\/www.philodefi.fr\/wp-content\/uploads\/2023\/04\/Rochefort_202304_01.jpg\",\"contentUrl\":\"https:\/\/www.philodefi.fr\/wp-content\/uploads\/2023\/04\/Rochefort_202304_01.jpg\",\"width\":640,\"height\":480},{\"@type\":\"BreadcrumbList\",\"@id\":\"https:\/\/www.philodefi.fr\/index.php\/2023\/04\/28\/atelier-a-rochefort\/#breadcrumb\",\"itemListElement\":[{\"@type\":\"ListItem\",\"position\":1,\"name\":\"Accueil\",\"item\":\"https:\/\/www.philodefi.fr\/\"},{\"@type\":\"ListItem\",\"position\":2,\"name\":\"Atelier \u00e0 Rochefort\"}]},{\"@type\":\"WebSite\",\"@id\":\"https:\/\/www.philodefi.fr\/#website\",\"url\":\"https:\/\/www.philodefi.fr\/\",\"name\":\"Philod\u00e9fi\",\"description\":\"Le jeu pour apprendre la philosophie autrement\",\"publisher\":{\"@id\":\"https:\/\/www.philodefi.fr\/#organization\"},\"potentialAction\":[{\"@type\":\"SearchAction\",\"target\":{\"@type\":\"EntryPoint\",\"urlTemplate\":\"https:\/\/www.philodefi.fr\/?s={search_term_string}\"},\"query-input\":{\"@type\":\"PropertyValueSpecification\",\"valueRequired\":true,\"valueName\":\"search_term_string\"}}],\"inLanguage\":\"fr-FR\"},{\"@type\":\"Organization\",\"@id\":\"https:\/\/www.philodefi.fr\/#organization\",\"name\":\"Philod\u00e9fi\",\"url\":\"https:\/\/www.philodefi.fr\/\",\"logo\":{\"@type\":\"ImageObject\",\"inLanguage\":\"fr-FR\",\"@id\":\"https:\/\/www.philodefi.fr\/#\/schema\/logo\/image\/\",\"url\":\"https:\/\/www.philodefi.fr\/wp-content\/uploads\/2018\/10\/logo_philodefi-1.png\",\"contentUrl\":\"https:\/\/www.philodefi.fr\/wp-content\/uploads\/2018\/10\/logo_philodefi-1.png\",\"width\":678,\"height\":222,\"caption\":\"Philod\u00e9fi\"},\"image\":{\"@id\":\"https:\/\/www.philodefi.fr\/#\/schema\/logo\/image\/\"},\"sameAs\":[\"https:\/\/fr-fr.facebook.com\/Philodefi\/\",\"https:\/\/www.youtube.com\/channel\/UC_3N0HKscicsk2AIa0fP-tg\"]},{\"@type\":\"Person\",\"@id\":\"https:\/\/www.philodefi.fr\/#\/schema\/person\/2f32d08ee78c71302d24340e0de4a755\",\"name\":\"admin9632\",\"image\":{\"@type\":\"ImageObject\",\"inLanguage\":\"fr-FR\",\"@id\":\"https:\/\/www.philodefi.fr\/#\/schema\/person\/image\/\",\"url\":\"https:\/\/secure.gravatar.com\/avatar\/602f38438ad764ef023cc49e438a5e7a?s=96&d=mm&r=g\",\"contentUrl\":\"https:\/\/secure.gravatar.com\/avatar\/602f38438ad764ef023cc49e438a5e7a?s=96&d=mm&r=g\",\"caption\":\"admin9632\"},\"url\":\"https:\/\/www.philodefi.fr\/index.php\/author\/admin9632\/\"}]}<\/script>\n<!-- \/ Yoast SEO plugin. -->","yoast_head_json":{"title":"Atelier \u00e0 Rochefort - Philod\u00e9fi","robots":{"index":"index","follow":"follow","max-snippet":"max-snippet:-1","max-image-preview":"max-image-preview:large","max-video-preview":"max-video-preview:-1"},"canonical":"https:\/\/www.philodefi.fr\/index.php\/2023\/04\/28\/atelier-a-rochefort\/","og_locale":"fr_FR","og_type":"article","og_title":"Atelier \u00e0 Rochefort - Philod\u00e9fi","og_description":"Jeudi 20 avril, \u00e0 Rochefort, une animation pour d\u00e9couvrir Philod\u00e9fi, dans le restaurant Cap\u00a0 Nell, pour toutes les g\u00e9n\u00e9rations ! Une d\u00e9couverte permise gr\u00e2ce au financement de la r\u00e9gion Nouvelle-Aquitaine dans le cadre du Programme d&rsquo;Animation d&rsquo;Initiatives de culture scientifique et avec le soutien de cr\u00e9ativit\u00e9 et territoires. 2.14.0.0","og_url":"https:\/\/www.philodefi.fr\/index.php\/2023\/04\/28\/atelier-a-rochefort\/","og_site_name":"Philod\u00e9fi","article_publisher":"https:\/\/fr-fr.facebook.com\/Philodefi\/","article_published_time":"2023-04-28T09:34:58+00:00","og_image":[{"width":640,"height":480,"url":"https:\/\/www.philodefi.fr\/wp-content\/uploads\/2023\/04\/Rochefort_202304_01.jpg","type":"image\/jpeg"}],"author":"admin9632","twitter_card":"summary_large_image","twitter_misc":{"\u00c9crit par":"admin9632","Dur\u00e9e de lecture estim\u00e9e":"2 minutes"},"schema":{"@context":"https:\/\/schema.org","@graph":[{"@type":"Article","@id":"https:\/\/www.philodefi.fr\/index.php\/2023\/04\/28\/atelier-a-rochefort\/#article","isPartOf":{"@id":"https:\/\/www.philodefi.fr\/index.php\/2023\/04\/28\/atelier-a-rochefort\/"},"author":{"name":"admin9632","@id":"https:\/\/www.philodefi.fr\/#\/schema\/person\/2f32d08ee78c71302d24340e0de4a755"},"headline":"Atelier \u00e0 Rochefort","datePublished":"2023-04-28T09:34:58+00:00","dateModified":"2023-04-28T09:34:58+00:00","mainEntityOfPage":{"@id":"https:\/\/www.philodefi.fr\/index.php\/2023\/04\/28\/atelier-a-rochefort\/"},"wordCount":57,"publisher":{"@id":"https:\/\/www.philodefi.fr\/#organization"},"image":{"@id":"https:\/\/www.philodefi.fr\/index.php\/2023\/04\/28\/atelier-a-rochefort\/#primaryimage"},"thumbnailUrl":"https:\/\/www.philodefi.fr\/wp-content\/uploads\/2023\/04\/Rochefort_202304_01.jpg","articleSection":["Ev\u00e9nements"],"inLanguage":"fr-FR"},{"@type":"WebPage","@id":"https:\/\/www.philodefi.fr\/index.php\/2023\/04\/28\/atelier-a-rochefort\/","url":"https:\/\/www.philodefi.fr\/index.php\/2023\/04\/28\/atelier-a-rochefort\/","name":"Atelier \u00e0 Rochefort - Philod\u00e9fi","isPartOf":{"@id":"https:\/\/www.philodefi.fr\/#website"},"primaryImageOfPage":{"@id":"https:\/\/www.philodefi.fr\/index.php\/2023\/04\/28\/atelier-a-rochefort\/#primaryimage"},"image":{"@id":"https:\/\/www.philodefi.fr\/index.php\/2023\/04\/28\/atelier-a-rochefort\/#primaryimage"},"thumbnailUrl":"https:\/\/www.philodefi.fr\/wp-content\/uploads\/2023\/04\/Rochefort_202304_01.jpg","datePublished":"2023-04-28T09:34:58+00:00","dateModified":"2023-04-28T09:34:58+00:00","breadcrumb":{"@id":"https:\/\/www.philodefi.fr\/index.php\/2023\/04\/28\/atelier-a-rochefort\/#breadcrumb"},"inLanguage":"fr-FR","potentialAction":[{"@type":"ReadAction","target":["https:\/\/www.philodefi.fr\/index.php\/2023\/04\/28\/atelier-a-rochefort\/"]}]},{"@type":"ImageObject","inLanguage":"fr-FR","@id":"https:\/\/www.philodefi.fr\/index.php\/2023\/04\/28\/atelier-a-rochefort\/#primaryimage","url":"https:\/\/www.philodefi.fr\/wp-content\/uploads\/2023\/04\/Rochefort_202304_01.jpg","contentUrl":"https:\/\/www.philodefi.fr\/wp-content\/uploads\/2023\/04\/Rochefort_202304_01.jpg","width":640,"height":480},{"@type":"BreadcrumbList","@id":"https:\/\/www.philodefi.fr\/index.php\/2023\/04\/28\/atelier-a-rochefort\/#breadcrumb","itemListElement":[{"@type":"ListItem","position":1,"name":"Accueil","item":"https:\/\/www.philodefi.fr\/"},{"@type":"ListItem","position":2,"name":"Atelier \u00e0 Rochefort"}]},{"@type":"WebSite","@id":"https:\/\/www.philodefi.fr\/#website","url":"https:\/\/www.philodefi.fr\/","name":"Philod\u00e9fi","description":"Le jeu pour apprendre la philosophie autrement","publisher":{"@id":"https:\/\/www.philodefi.fr\/#organization"},"potentialAction":[{"@type":"SearchAction","target":{"@type":"EntryPoint","urlTemplate":"https:\/\/www.philodefi.fr\/?s={search_term_string}"},"query-input":{"@type":"PropertyValueSpecification","valueRequired":true,"valueName":"search_term_string"}}],"inLanguage":"fr-FR"},{"@type":"Organization","@id":"https:\/\/www.philodefi.fr\/#organization","name":"Philod\u00e9fi","url":"https:\/\/www.philodefi.fr\/","logo":{"@type":"ImageObject","inLanguage":"fr-FR","@id":"https:\/\/www.philodefi.fr\/#\/schema\/logo\/image\/","url":"https:\/\/www.philodefi.fr\/wp-content\/uploads\/2018\/10\/logo_philodefi-1.png","contentUrl":"https:\/\/www.philodefi.fr\/wp-content\/uploads\/2018\/10\/logo_philodefi-1.png","width":678,"height":222,"caption":"Philod\u00e9fi"},"image":{"@id":"https:\/\/www.philodefi.fr\/#\/schema\/logo\/image\/"},"sameAs":["https:\/\/fr-fr.facebook.com\/Philodefi\/","https:\/\/www.youtube.com\/channel\/UC_3N0HKscicsk2AIa0fP-tg"]},{"@type":"Person","@id":"https:\/\/www.philodefi.fr\/#\/schema\/person\/2f32d08ee78c71302d24340e0de4a755","name":"admin9632","image":{"@type":"ImageObject","inLanguage":"fr-FR","@id":"https:\/\/www.philodefi.fr\/#\/schema\/person\/image\/","url":"https:\/\/secure.gravatar.com\/avatar\/602f38438ad764ef023cc49e438a5e7a?s=96&d=mm&r=g","contentUrl":"https:\/\/secure.gravatar.com\/avatar\/602f38438ad764ef023cc49e438a5e7a?s=96&d=mm&r=g","caption":"admin9632"},"url":"https:\/\/www.philodefi.fr\/index.php\/author\/admin9632\/"}]}},"jetpack_featured_media_url":"https:\/\/www.philodefi.fr\/wp-content\/uploads\/2023\/04\/Rochefort_202304_01.jpg","jetpack_sharing_enabled":true,"jetpack_shortlink":"https:\/\/wp.me\/pavdZ1-3hn","_links":{"self":[{"href":"https:\/\/www.philodefi.fr\/index.php\/wp-json\/wp\/v2\/posts\/12609","targetHints":{"allow":["GET"]}}],"collection":[{"href":"https:\/\/www.philodefi.fr\/index.php\/wp-json\/wp\/v2\/posts"}],"about":[{"href":"https:\/\/www.philodefi.fr\/index.php\/wp-json\/wp\/v2\/types\/post"}],"author":[{"embeddable":true,"href":"https:\/\/www.philodefi.fr\/index.php\/wp-json\/wp\/v2\/users\/1"}],"replies":[{"embeddable":true,"href":"https:\/\/www.philodefi.fr\/index.php\/wp-json\/wp\/v2\/comments?post=12609"}],"version-history":[{"count":0,"href":"https:\/\/www.philodefi.fr\/index.php\/wp-json\/wp\/v2\/posts\/12609\/revisions"}],"wp:featuredmedia":[{"embeddable":true,"href":"https:\/\/www.philodefi.fr\/index.php\/wp-json\/wp\/v2\/media\/12610"}],"wp:attachment":[{"href":"https:\/\/www.philodefi.fr\/index.php\/wp-json\/wp\/v2\/media?parent=12609"}],"wp:term":[{"taxonomy":"category","embeddable":true,"href":"https:\/\/www.philodefi.fr\/index.php\/wp-json\/wp\/v2\/categories?post=12609"},{"taxonomy":"post_tag","embeddable":true,"href":"https:\/\/www.philodefi.fr\/index.php\/wp-json\/wp\/v2\/tags?post=12609"}],"curies":[{"name":"wp","href":"https:\/\/api.w.org\/{rel}","templated":true}]}}