{"id":12052,"date":"2022-12-18T09:39:18","date_gmt":"2022-12-18T08:39:18","guid":{"rendered":"https:\/\/www.philodefi.fr\/?p=12052"},"modified":"2022-12-18T09:39:55","modified_gmt":"2022-12-18T08:39:55","slug":"la-place-de-la-philo-dans-lentreprise","status":"publish","type":"post","link":"https:\/\/www.philodefi.fr\/index.php\/2022\/12\/18\/la-place-de-la-philo-dans-lentreprise\/","title":{"rendered":"La place de la philo dans l&rsquo;entreprise"},"content":{"rendered":"<p>Un petit d\u00e9jeuner studieux \u00e0 l&rsquo;hotel Alt\u00e9ora du Futuroscope, pour parler philosophie dans l&rsquo;entreprise &#8211; avec Cr\u00e9ativit\u00e9 et Territoires.<\/p>\n<p>Merci pour ce temps d&rsquo;\u00e9change !<\/p>\n<p><a href=\"https:\/\/emf.fr\/creativite-et-territoires\/\" target=\"_blank\" rel=\"noopener\">https:\/\/emf.fr\/creativite-et-territoires\/<\/a><\/p>\n<blockquote class=\"wp-embedded-content\" data-secret=\"Jouehd1JhG\"><p><a href=\"https:\/\/hotel-alteora-site-du-futuroscope.com\/\">H\u00f4tel Alt\u00e9ora Futuroscope H\u00f4tel \u00c9co-responsable<\/a><\/p><\/blockquote>\n<p><iframe loading=\"lazy\" class=\"wp-embedded-content\" sandbox=\"allow-scripts\" security=\"restricted\" style=\"position: absolute; clip: rect(1px, 1px, 1px, 1px);\" title=\"\u00ab\u00a0H\u00f4tel Alt\u00e9ora Futuroscope H\u00f4tel \u00c9co-responsable\u00a0\u00bb &#8212; H\u00f4tel Alt\u00e9ora Futuroscope\" src=\"https:\/\/hotel-alteora-site-du-futuroscope.com\/embed\/#?secret=gBdiBuDZY2#?secret=Jouehd1JhG\" data-secret=\"Jouehd1JhG\" width=\"600\" height=\"338\" frameborder=\"0\" marginwidth=\"0\" marginheight=\"0\" scrolling=\"no\"><\/iframe><\/p>\n<p>&nbsp;<\/p>\n<p><img loading=\"lazy\" decoding=\"async\" src=\"https:\/\/www.philodefi.fr\/wp-content\/uploads\/2022\/12\/20221214_101156_creativite_territoires_alteora_hotel.jpg\" alt=\"\" class=\"alignnone size-full wp-image-12053\" width=\"800\" height=\"600\" srcset=\"https:\/\/www.philodefi.fr\/wp-content\/uploads\/2022\/12\/20221214_101156_creativite_territoires_alteora_hotel.jpg 800w, https:\/\/www.philodefi.fr\/wp-content\/uploads\/2022\/12\/20221214_101156_creativite_territoires_alteora_hotel-300x225.jpg 300w, https:\/\/www.philodefi.fr\/wp-content\/uploads\/2022\/12\/20221214_101156_creativite_territoires_alteora_hotel-768x576.jpg 768w, https:\/\/www.philodefi.fr\/wp-content\/uploads\/2022\/12\/20221214_101156_creativite_territoires_alteora_hotel-600x450.jpg 600w\" sizes=\"auto, (max-width: 800px) 100vw, 800px\" \/><\/p>\n","protected":false},"excerpt":{"rendered":"<p>Un petit d\u00e9jeuner studieux \u00e0 l&rsquo;hotel Alt\u00e9ora du Futuroscope, pour parler philosophie dans l&rsquo;entreprise &#8211; avec Cr\u00e9ativit\u00e9 et Territoires. Merci pour ce temps d&rsquo;\u00e9change ! https:\/\/emf.fr\/creativite-et-territoires\/ H\u00f4tel Alt\u00e9ora Futuroscope H\u00f4tel \u00c9co-responsable &nbsp;<\/p>\n","protected":false},"author":2,"featured_media":12053,"comment_status":"closed","ping_status":"open","sticky":false,"template":"","format":"standard","meta":{"jetpack_post_was_ever_published":false,"_jetpack_newsletter_access":"","_jetpack_dont_email_post_to_subs":false,"_jetpack_newsletter_tier_id":0,"_jetpack_memberships_contains_paywalled_content":false,"_jetpack_memberships_contains_paid_content":false,"footnotes":"","jetpack_publicize_message":"","jetpack_publicize_feature_enabled":true,"jetpack_social_post_already_shared":true,"jetpack_social_options":{"image_generator_settings":{"template":"highway","enabled":false},"version":2}},"categories":[6],"tags":[],"class_list":["post-12052","post","type-post","status-publish","format-standard","has-post-thumbnail","hentry","category-evenements"],"jetpack_publicize_connections":[],"yoast_head":"<!-- This site is optimized with the Yoast SEO plugin v24.0 - https:\/\/yoast.com\/wordpress\/plugins\/seo\/ -->\n<title>La place de la philo dans l&#039;entreprise - Philod\u00e9fi<\/title>\n<meta name=\"robots\" content=\"index, follow, max-snippet:-1, max-image-preview:large, max-video-preview:-1\" \/>\n<link rel=\"canonical\" href=\"https:\/\/www.philodefi.fr\/index.php\/2022\/12\/18\/la-place-de-la-philo-dans-lentreprise\/\" \/>\n<meta property=\"og:locale\" content=\"fr_FR\" \/>\n<meta property=\"og:type\" content=\"article\" \/>\n<meta property=\"og:title\" content=\"La place de la philo dans l&#039;entreprise - Philod\u00e9fi\" \/>\n<meta property=\"og:description\" content=\"Un petit d\u00e9jeuner studieux \u00e0 l&rsquo;hotel Alt\u00e9ora du Futuroscope, pour parler philosophie dans l&rsquo;entreprise &#8211; avec Cr\u00e9ativit\u00e9 et Territoires. Merci pour ce temps d&rsquo;\u00e9change ! https:\/\/emf.fr\/creativite-et-territoires\/ H\u00f4tel Alt\u00e9ora Futuroscope H\u00f4tel \u00c9co-responsable &nbsp;\" \/>\n<meta property=\"og:url\" content=\"https:\/\/www.philodefi.fr\/index.php\/2022\/12\/18\/la-place-de-la-philo-dans-lentreprise\/\" \/>\n<meta property=\"og:site_name\" content=\"Philod\u00e9fi\" \/>\n<meta property=\"article:publisher\" content=\"https:\/\/fr-fr.facebook.com\/Philodefi\/\" \/>\n<meta property=\"article:published_time\" content=\"2022-12-18T08:39:18+00:00\" \/>\n<meta property=\"article:modified_time\" content=\"2022-12-18T08:39:55+00:00\" \/>\n<meta property=\"og:image\" content=\"https:\/\/www.philodefi.fr\/wp-content\/uploads\/2022\/12\/20221214_101156_creativite_territoires_alteora_hotel.jpg\" \/>\n\t<meta property=\"og:image:width\" content=\"800\" \/>\n\t<meta property=\"og:image:height\" content=\"600\" \/>\n\t<meta property=\"og:image:type\" content=\"image\/jpeg\" \/>\n<meta name=\"author\" content=\"St\u00e9phane Marcireau\" \/>\n<meta name=\"twitter:card\" content=\"summary_large_image\" \/>\n<meta name=\"twitter:label1\" content=\"\u00c9crit par\" \/>\n\t<meta name=\"twitter:data1\" content=\"St\u00e9phane Marcireau\" \/>\n<script type=\"application\/ld+json\" class=\"yoast-schema-graph\">{\"@context\":\"https:\/\/schema.org\",\"@graph\":[{\"@type\":\"Article\",\"@id\":\"https:\/\/www.philodefi.fr\/index.php\/2022\/12\/18\/la-place-de-la-philo-dans-lentreprise\/#article\",\"isPartOf\":{\"@id\":\"https:\/\/www.philodefi.fr\/index.php\/2022\/12\/18\/la-place-de-la-philo-dans-lentreprise\/\"},\"author\":{\"name\":\"St\u00e9phane Marcireau\",\"@id\":\"https:\/\/www.philodefi.fr\/#\/schema\/person\/a5660db38cf3f8ceaf475ea1e749624e\"},\"headline\":\"La place de la philo dans l&rsquo;entreprise\",\"datePublished\":\"2022-12-18T08:39:18+00:00\",\"dateModified\":\"2022-12-18T08:39:55+00:00\",\"mainEntityOfPage\":{\"@id\":\"https:\/\/www.philodefi.fr\/index.php\/2022\/12\/18\/la-place-de-la-philo-dans-lentreprise\/\"},\"wordCount\":45,\"publisher\":{\"@id\":\"https:\/\/www.philodefi.fr\/#organization\"},\"image\":{\"@id\":\"https:\/\/www.philodefi.fr\/index.php\/2022\/12\/18\/la-place-de-la-philo-dans-lentreprise\/#primaryimage\"},\"thumbnailUrl\":\"https:\/\/www.philodefi.fr\/wp-content\/uploads\/2022\/12\/20221214_101156_creativite_territoires_alteora_hotel.jpg\",\"articleSection\":[\"Ev\u00e9nements\"],\"inLanguage\":\"fr-FR\"},{\"@type\":\"WebPage\",\"@id\":\"https:\/\/www.philodefi.fr\/index.php\/2022\/12\/18\/la-place-de-la-philo-dans-lentreprise\/\",\"url\":\"https:\/\/www.philodefi.fr\/index.php\/2022\/12\/18\/la-place-de-la-philo-dans-lentreprise\/\",\"name\":\"La place de la philo dans l'entreprise - Philod\u00e9fi\",\"isPartOf\":{\"@id\":\"https:\/\/www.philodefi.fr\/#website\"},\"primaryImageOfPage\":{\"@id\":\"https:\/\/www.philodefi.fr\/index.php\/2022\/12\/18\/la-place-de-la-philo-dans-lentreprise\/#primaryimage\"},\"image\":{\"@id\":\"https:\/\/www.philodefi.fr\/index.php\/2022\/12\/18\/la-place-de-la-philo-dans-lentreprise\/#primaryimage\"},\"thumbnailUrl\":\"https:\/\/www.philodefi.fr\/wp-content\/uploads\/2022\/12\/20221214_101156_creativite_territoires_alteora_hotel.jpg\",\"datePublished\":\"2022-12-18T08:39:18+00:00\",\"dateModified\":\"2022-12-18T08:39:55+00:00\",\"breadcrumb\":{\"@id\":\"https:\/\/www.philodefi.fr\/index.php\/2022\/12\/18\/la-place-de-la-philo-dans-lentreprise\/#breadcrumb\"},\"inLanguage\":\"fr-FR\",\"potentialAction\":[{\"@type\":\"ReadAction\",\"target\":[\"https:\/\/www.philodefi.fr\/index.php\/2022\/12\/18\/la-place-de-la-philo-dans-lentreprise\/\"]}]},{\"@type\":\"ImageObject\",\"inLanguage\":\"fr-FR\",\"@id\":\"https:\/\/www.philodefi.fr\/index.php\/2022\/12\/18\/la-place-de-la-philo-dans-lentreprise\/#primaryimage\",\"url\":\"https:\/\/www.philodefi.fr\/wp-content\/uploads\/2022\/12\/20221214_101156_creativite_territoires_alteora_hotel.jpg\",\"contentUrl\":\"https:\/\/www.philodefi.fr\/wp-content\/uploads\/2022\/12\/20221214_101156_creativite_territoires_alteora_hotel.jpg\",\"width\":800,\"height\":600},{\"@type\":\"BreadcrumbList\",\"@id\":\"https:\/\/www.philodefi.fr\/index.php\/2022\/12\/18\/la-place-de-la-philo-dans-lentreprise\/#breadcrumb\",\"itemListElement\":[{\"@type\":\"ListItem\",\"position\":1,\"name\":\"Accueil\",\"item\":\"https:\/\/www.philodefi.fr\/\"},{\"@type\":\"ListItem\",\"position\":2,\"name\":\"La place de la philo dans l&#8217;entreprise\"}]},{\"@type\":\"WebSite\",\"@id\":\"https:\/\/www.philodefi.fr\/#website\",\"url\":\"https:\/\/www.philodefi.fr\/\",\"name\":\"Philod\u00e9fi\",\"description\":\"Le jeu pour apprendre la philosophie autrement\",\"publisher\":{\"@id\":\"https:\/\/www.philodefi.fr\/#organization\"},\"potentialAction\":[{\"@type\":\"SearchAction\",\"target\":{\"@type\":\"EntryPoint\",\"urlTemplate\":\"https:\/\/www.philodefi.fr\/?s={search_term_string}\"},\"query-input\":{\"@type\":\"PropertyValueSpecification\",\"valueRequired\":true,\"valueName\":\"search_term_string\"}}],\"inLanguage\":\"fr-FR\"},{\"@type\":\"Organization\",\"@id\":\"https:\/\/www.philodefi.fr\/#organization\",\"name\":\"Philod\u00e9fi\",\"url\":\"https:\/\/www.philodefi.fr\/\",\"logo\":{\"@type\":\"ImageObject\",\"inLanguage\":\"fr-FR\",\"@id\":\"https:\/\/www.philodefi.fr\/#\/schema\/logo\/image\/\",\"url\":\"https:\/\/www.philodefi.fr\/wp-content\/uploads\/2018\/10\/logo_philodefi-1.png\",\"contentUrl\":\"https:\/\/www.philodefi.fr\/wp-content\/uploads\/2018\/10\/logo_philodefi-1.png\",\"width\":678,\"height\":222,\"caption\":\"Philod\u00e9fi\"},\"image\":{\"@id\":\"https:\/\/www.philodefi.fr\/#\/schema\/logo\/image\/\"},\"sameAs\":[\"https:\/\/fr-fr.facebook.com\/Philodefi\/\",\"https:\/\/www.youtube.com\/channel\/UC_3N0HKscicsk2AIa0fP-tg\"]},{\"@type\":\"Person\",\"@id\":\"https:\/\/www.philodefi.fr\/#\/schema\/person\/a5660db38cf3f8ceaf475ea1e749624e\",\"name\":\"St\u00e9phane Marcireau\",\"image\":{\"@type\":\"ImageObject\",\"inLanguage\":\"fr-FR\",\"@id\":\"https:\/\/www.philodefi.fr\/#\/schema\/person\/image\/\",\"url\":\"https:\/\/secure.gravatar.com\/avatar\/1c12a5187a5aeb9cf66510c3956ca67e?s=96&d=mm&r=g\",\"contentUrl\":\"https:\/\/secure.gravatar.com\/avatar\/1c12a5187a5aeb9cf66510c3956ca67e?s=96&d=mm&r=g\",\"caption\":\"St\u00e9phane Marcireau\"},\"sameAs\":[\"https:\/\/www.philodefi.fr\"],\"url\":\"https:\/\/www.philodefi.fr\/index.php\/author\/stephane\/\"}]}<\/script>\n<!-- \/ Yoast SEO plugin. -->","yoast_head_json":{"title":"La place de la philo dans l'entreprise - Philod\u00e9fi","robots":{"index":"index","follow":"follow","max-snippet":"max-snippet:-1","max-image-preview":"max-image-preview:large","max-video-preview":"max-video-preview:-1"},"canonical":"https:\/\/www.philodefi.fr\/index.php\/2022\/12\/18\/la-place-de-la-philo-dans-lentreprise\/","og_locale":"fr_FR","og_type":"article","og_title":"La place de la philo dans l'entreprise - Philod\u00e9fi","og_description":"Un petit d\u00e9jeuner studieux \u00e0 l&rsquo;hotel Alt\u00e9ora du Futuroscope, pour parler philosophie dans l&rsquo;entreprise &#8211; avec Cr\u00e9ativit\u00e9 et Territoires. Merci pour ce temps d&rsquo;\u00e9change ! https:\/\/emf.fr\/creativite-et-territoires\/ H\u00f4tel Alt\u00e9ora Futuroscope H\u00f4tel \u00c9co-responsable &nbsp;","og_url":"https:\/\/www.philodefi.fr\/index.php\/2022\/12\/18\/la-place-de-la-philo-dans-lentreprise\/","og_site_name":"Philod\u00e9fi","article_publisher":"https:\/\/fr-fr.facebook.com\/Philodefi\/","article_published_time":"2022-12-18T08:39:18+00:00","article_modified_time":"2022-12-18T08:39:55+00:00","og_image":[{"width":800,"height":600,"url":"https:\/\/www.philodefi.fr\/wp-content\/uploads\/2022\/12\/20221214_101156_creativite_territoires_alteora_hotel.jpg","type":"image\/jpeg"}],"author":"St\u00e9phane Marcireau","twitter_card":"summary_large_image","twitter_misc":{"\u00c9crit par":"St\u00e9phane Marcireau"},"schema":{"@context":"https:\/\/schema.org","@graph":[{"@type":"Article","@id":"https:\/\/www.philodefi.fr\/index.php\/2022\/12\/18\/la-place-de-la-philo-dans-lentreprise\/#article","isPartOf":{"@id":"https:\/\/www.philodefi.fr\/index.php\/2022\/12\/18\/la-place-de-la-philo-dans-lentreprise\/"},"author":{"name":"St\u00e9phane Marcireau","@id":"https:\/\/www.philodefi.fr\/#\/schema\/person\/a5660db38cf3f8ceaf475ea1e749624e"},"headline":"La place de la philo dans l&rsquo;entreprise","datePublished":"2022-12-18T08:39:18+00:00","dateModified":"2022-12-18T08:39:55+00:00","mainEntityOfPage":{"@id":"https:\/\/www.philodefi.fr\/index.php\/2022\/12\/18\/la-place-de-la-philo-dans-lentreprise\/"},"wordCount":45,"publisher":{"@id":"https:\/\/www.philodefi.fr\/#organization"},"image":{"@id":"https:\/\/www.philodefi.fr\/index.php\/2022\/12\/18\/la-place-de-la-philo-dans-lentreprise\/#primaryimage"},"thumbnailUrl":"https:\/\/www.philodefi.fr\/wp-content\/uploads\/2022\/12\/20221214_101156_creativite_territoires_alteora_hotel.jpg","articleSection":["Ev\u00e9nements"],"inLanguage":"fr-FR"},{"@type":"WebPage","@id":"https:\/\/www.philodefi.fr\/index.php\/2022\/12\/18\/la-place-de-la-philo-dans-lentreprise\/","url":"https:\/\/www.philodefi.fr\/index.php\/2022\/12\/18\/la-place-de-la-philo-dans-lentreprise\/","name":"La place de la philo dans l'entreprise - Philod\u00e9fi","isPartOf":{"@id":"https:\/\/www.philodefi.fr\/#website"},"primaryImageOfPage":{"@id":"https:\/\/www.philodefi.fr\/index.php\/2022\/12\/18\/la-place-de-la-philo-dans-lentreprise\/#primaryimage"},"image":{"@id":"https:\/\/www.philodefi.fr\/index.php\/2022\/12\/18\/la-place-de-la-philo-dans-lentreprise\/#primaryimage"},"thumbnailUrl":"https:\/\/www.philodefi.fr\/wp-content\/uploads\/2022\/12\/20221214_101156_creativite_territoires_alteora_hotel.jpg","datePublished":"2022-12-18T08:39:18+00:00","dateModified":"2022-12-18T08:39:55+00:00","breadcrumb":{"@id":"https:\/\/www.philodefi.fr\/index.php\/2022\/12\/18\/la-place-de-la-philo-dans-lentreprise\/#breadcrumb"},"inLanguage":"fr-FR","potentialAction":[{"@type":"ReadAction","target":["https:\/\/www.philodefi.fr\/index.php\/2022\/12\/18\/la-place-de-la-philo-dans-lentreprise\/"]}]},{"@type":"ImageObject","inLanguage":"fr-FR","@id":"https:\/\/www.philodefi.fr\/index.php\/2022\/12\/18\/la-place-de-la-philo-dans-lentreprise\/#primaryimage","url":"https:\/\/www.philodefi.fr\/wp-content\/uploads\/2022\/12\/20221214_101156_creativite_territoires_alteora_hotel.jpg","contentUrl":"https:\/\/www.philodefi.fr\/wp-content\/uploads\/2022\/12\/20221214_101156_creativite_territoires_alteora_hotel.jpg","width":800,"height":600},{"@type":"BreadcrumbList","@id":"https:\/\/www.philodefi.fr\/index.php\/2022\/12\/18\/la-place-de-la-philo-dans-lentreprise\/#breadcrumb","itemListElement":[{"@type":"ListItem","position":1,"name":"Accueil","item":"https:\/\/www.philodefi.fr\/"},{"@type":"ListItem","position":2,"name":"La place de la philo dans l&#8217;entreprise"}]},{"@type":"WebSite","@id":"https:\/\/www.philodefi.fr\/#website","url":"https:\/\/www.philodefi.fr\/","name":"Philod\u00e9fi","description":"Le jeu pour apprendre la philosophie autrement","publisher":{"@id":"https:\/\/www.philodefi.fr\/#organization"},"potentialAction":[{"@type":"SearchAction","target":{"@type":"EntryPoint","urlTemplate":"https:\/\/www.philodefi.fr\/?s={search_term_string}"},"query-input":{"@type":"PropertyValueSpecification","valueRequired":true,"valueName":"search_term_string"}}],"inLanguage":"fr-FR"},{"@type":"Organization","@id":"https:\/\/www.philodefi.fr\/#organization","name":"Philod\u00e9fi","url":"https:\/\/www.philodefi.fr\/","logo":{"@type":"ImageObject","inLanguage":"fr-FR","@id":"https:\/\/www.philodefi.fr\/#\/schema\/logo\/image\/","url":"https:\/\/www.philodefi.fr\/wp-content\/uploads\/2018\/10\/logo_philodefi-1.png","contentUrl":"https:\/\/www.philodefi.fr\/wp-content\/uploads\/2018\/10\/logo_philodefi-1.png","width":678,"height":222,"caption":"Philod\u00e9fi"},"image":{"@id":"https:\/\/www.philodefi.fr\/#\/schema\/logo\/image\/"},"sameAs":["https:\/\/fr-fr.facebook.com\/Philodefi\/","https:\/\/www.youtube.com\/channel\/UC_3N0HKscicsk2AIa0fP-tg"]},{"@type":"Person","@id":"https:\/\/www.philodefi.fr\/#\/schema\/person\/a5660db38cf3f8ceaf475ea1e749624e","name":"St\u00e9phane Marcireau","image":{"@type":"ImageObject","inLanguage":"fr-FR","@id":"https:\/\/www.philodefi.fr\/#\/schema\/person\/image\/","url":"https:\/\/secure.gravatar.com\/avatar\/1c12a5187a5aeb9cf66510c3956ca67e?s=96&d=mm&r=g","contentUrl":"https:\/\/secure.gravatar.com\/avatar\/1c12a5187a5aeb9cf66510c3956ca67e?s=96&d=mm&r=g","caption":"St\u00e9phane Marcireau"},"sameAs":["https:\/\/www.philodefi.fr"],"url":"https:\/\/www.philodefi.fr\/index.php\/author\/stephane\/"}]}},"jetpack_featured_media_url":"https:\/\/www.philodefi.fr\/wp-content\/uploads\/2022\/12\/20221214_101156_creativite_territoires_alteora_hotel.jpg","jetpack_sharing_enabled":true,"jetpack_shortlink":"https:\/\/wp.me\/pavdZ1-38o","_links":{"self":[{"href":"https:\/\/www.philodefi.fr\/index.php\/wp-json\/wp\/v2\/posts\/12052","targetHints":{"allow":["GET"]}}],"collection":[{"href":"https:\/\/www.philodefi.fr\/index.php\/wp-json\/wp\/v2\/posts"}],"about":[{"href":"https:\/\/www.philodefi.fr\/index.php\/wp-json\/wp\/v2\/types\/post"}],"author":[{"embeddable":true,"href":"https:\/\/www.philodefi.fr\/index.php\/wp-json\/wp\/v2\/users\/2"}],"replies":[{"embeddable":true,"href":"https:\/\/www.philodefi.fr\/index.php\/wp-json\/wp\/v2\/comments?post=12052"}],"version-history":[{"count":0,"href":"https:\/\/www.philodefi.fr\/index.php\/wp-json\/wp\/v2\/posts\/12052\/revisions"}],"wp:featuredmedia":[{"embeddable":true,"href":"https:\/\/www.philodefi.fr\/index.php\/wp-json\/wp\/v2\/media\/12053"}],"wp:attachment":[{"href":"https:\/\/www.philodefi.fr\/index.php\/wp-json\/wp\/v2\/media?parent=12052"}],"wp:term":[{"taxonomy":"category","embeddable":true,"href":"https:\/\/www.philodefi.fr\/index.php\/wp-json\/wp\/v2\/categories?post=12052"},{"taxonomy":"post_tag","embeddable":true,"href":"https:\/\/www.philodefi.fr\/index.php\/wp-json\/wp\/v2\/tags?post=12052"}],"curies":[{"name":"wp","href":"https:\/\/api.w.org\/{rel}","templated":true}]}}